{"id":259585,"date":"2025-07-19T20:31:11","date_gmt":"2025-07-19T20:31:11","guid":{"rendered":"https:\/\/www.europesays.com\/fr\/259585\/"},"modified":"2025-07-19T20:31:11","modified_gmt":"2025-07-19T20:31:11","slug":"joaquin-phoenix-regrette-son-horrible-interview-avec-david-letterman","status":"publish","type":"post","link":"https:\/\/www.europesays.com\/fr\/259585\/","title":{"rendered":"Joaquin Phoenix regrette son horrible interview avec David Letterman"},"content":{"rendered":"<p>La star de Walk the Line \u00e9tait dans le Late Show de CBS pour la premi\u00e8re fois depuis 2009, quinze ans apr\u00e8s avoir tent\u00e9 un coup d&rsquo;\u00e9clat qui avait d\u00e9concert\u00e9 le pr\u00e9sentateur de l&rsquo;\u00e9poque, David Letterman.<\/p>\n<p>Joaquin Phoenix, \u00e2g\u00e9 de 50 ans aujourd&rsquo;hui, a admis qu&rsquo;il avait beaucoup de remords pour cette interview d\u00e9sastreuse, qui visait \u00e0 promouvoir son film Je suis toujours l\u00e0, sur une star du hip-hop qui a \u00e9chou\u00e9. Il avait choisi d&rsquo;appara\u00eetre dans l&rsquo;\u00e9mission sous les traits d&rsquo;un personnage, sans le dire \u00e0 son h\u00f4te, ce qui a entra\u00een\u00e9 une telle confusion et une telle maladresse que cela a fait la une des journaux.<\/p>\n<p>\u00ab C&rsquo;\u00e9tait horrible. C&rsquo;\u00e9tait tellement inconfortable. Je le regrette, je ne le referai jamais. Je suis vraiment d\u00e9sol\u00e9 \u00bb, a d\u00e9clar\u00e9 le laur\u00e9at de l&rsquo;Oscar cette semaine, lors de son retour dans l&rsquo;\u00e9mission, d\u00e9sormais anim\u00e9e par Stephen Colbert.<\/p>\n<p>Joaquin Phoenix a expliqu\u00e9 qu&rsquo;il avait pens\u00e9 que le fait de laisser David Lettermann, aujourd&rsquo;hui \u00e2g\u00e9 de 78 ans, dans l&rsquo;ignorance rendrait l&rsquo;interview plus percutante. L&rsquo;acteur a ajout\u00e9 que si la notori\u00e9t\u00e9 de l&rsquo;interview signifiait que son coup de pub avait fonctionn\u00e9, l&rsquo;exp\u00e9rience \u00e9tait trop douloureuse pour \u00eatre r\u00e9p\u00e9t\u00e9e. \u00ab C&rsquo;\u00e9tait \u00e9trange parce que, d&rsquo;une certaine mani\u00e8re, c&rsquo;\u00e9tait un succ\u00e8s, mais c&rsquo;\u00e9tait aussi l&rsquo;une des pires soir\u00e9es de ma vie \u00bb, se souvient Joaquin Phoenix.<\/p>\n","protected":false},"excerpt":{"rendered":"La star de Walk the Line \u00e9tait dans le Late Show de CBS pour la premi\u00e8re fois depuis&hellip;\n","protected":false},"author":2,"featured_media":259586,"comment_status":"","ping_status":"","sticky":false,"template":"","format":"standard","meta":{"footnotes":""},"categories":[1359],"tags":[39972,39971,58,59,1011,27,22143,973],"class_list":{"0":"post-259585","1":"post","2":"type-post","3":"status-publish","4":"format-standard","5":"has-post-thumbnail","7":"category-people","8":"tag-coup-declat","9":"tag-david-letterman","10":"tag-divertissement","11":"tag-entertainment","12":"tag-fr","13":"tag-france","14":"tag-joaquin-phoenix","15":"tag-people"},"share_on_mastodon":{"url":"https:\/\/pubeurope.com\/@fr\/114881801954693846","error":""},"_links":{"self":[{"href":"https:\/\/www.europesays.com\/fr\/wp-json\/wp\/v2\/posts\/259585","targetHints":{"allow":["GET"]}}],"collection":[{"href":"https:\/\/www.europesays.com\/fr\/wp-json\/wp\/v2\/posts"}],"about":[{"href":"https:\/\/www.europesays.com\/fr\/wp-json\/wp\/v2\/types\/post"}],"author":[{"embeddable":true,"href":"https:\/\/www.europesays.com\/fr\/wp-json\/wp\/v2\/users\/2"}],"replies":[{"embeddable":true,"href":"https:\/\/www.europesays.com\/fr\/wp-json\/wp\/v2\/comments?post=259585"}],"version-history":[{"count":0,"href":"https:\/\/www.europesays.com\/fr\/wp-json\/wp\/v2\/posts\/259585\/revisions"}],"wp:featuredmedia":[{"embeddable":true,"href":"https:\/\/www.europesays.com\/fr\/wp-json\/wp\/v2\/media\/259586"}],"wp:attachment":[{"href":"https:\/\/www.europesays.com\/fr\/wp-json\/wp\/v2\/media?parent=259585"}],"wp:term":[{"taxonomy":"category","embeddable":true,"href":"https:\/\/www.europesays.com\/fr\/wp-json\/wp\/v2\/categories?post=259585"},{"taxonomy":"post_tag","embeddable":true,"href":"https:\/\/www.europesays.com\/fr\/wp-json\/wp\/v2\/tags?post=259585"}],"curies":[{"name":"wp","href":"https:\/\/api.w.org\/{rel}","templated":true}]}}