{"id":259589,"date":"2025-07-19T20:33:25","date_gmt":"2025-07-19T20:33:25","guid":{"rendered":"https:\/\/www.europesays.com\/fr\/259589\/"},"modified":"2025-07-19T20:33:25","modified_gmt":"2025-07-19T20:33:25","slug":"la-theorie-let-them-de-mel-robbins-ou-lincroyable-succes-dun-livre-conseillant-de-laisser-faire-laisser-dire","status":"publish","type":"post","link":"https:\/\/www.europesays.com\/fr\/259589\/","title":{"rendered":"\u00ab\u00a0La Th\u00e9orie Let Them\u00a0\u00bb, de Mel Robbins, ou l\u2019incroyable succ\u00e8s d\u2019un livre conseillant de laisser faire, laisser dire"},"content":{"rendered":"<p>                         <img loading=\"lazy\" decoding=\"async\" src=\"https:\/\/www.europesays.com\/fr\/wp-content\/uploads\/2025\/07\/c058a1e_upload-1-bqneytvjyiel-063-2217860026.jpg\" alt=\"Mel Robbins sur la sc\u00e8ne du Boch Center Wang Theatre, \u00e0 Boston (Massachusetts), le 2\u00a0mai 2025. Sa tourn\u00e9e internationale a affich\u00e9 complet.  \"   width=\"664\" height=\"443\"\/>    Mel Robbins sur la sc\u00e8ne du Boch Center Wang Theatre, \u00e0 Boston (Massachusetts), le 2\u00a0mai 2025. Sa tourn\u00e9e internationale a affich\u00e9 complet.  SCOTT EISEN\/GETTY IMAGES VIA AFP                 <\/p>\n<p class=\"article__paragraph  \">Une grande femme blonde \u00e9merge de son lit, et 3\u00a0500\u00a0personnes l\u2019applaudissent. Le lit est install\u00e9 sur la sc\u00e8ne de l\u2019Eventim Apollo, \u00e0 Londres, en ce 8\u00a0juin\u00a02025. Quelques minutes plus t\u00f4t, Mel Robbins, 56\u00a0ans, star am\u00e9ricaine du d\u00e9veloppement personnel, venait de d\u00e9tailler la strat\u00e9gie qu\u2019elle d\u00e9ploie pour se lever quand elle n\u2019en a pas envie\u00a0: se prendre pour une fus\u00e9e sur le pas de tir et compter 5, 4, 3, 2, 1. Derri\u00e8re elle, sur grand \u00e9cran, une fus\u00e9e d\u00e9colle. \u00c7a y est, la voil\u00e0 debout\u00a0!<\/p>\n<p class=\"article__paragraph  \">Cette fa\u00e7on de faire, elle l\u2019avait expliqu\u00e9e <a href=\"https:\/\/www.youtube.com\/watch?v=Lp7E973zozc\" target=\"_blank\" rel=\"noopener nofollow\" title=\"Nouvelle fen\u00eatre\">dans un TED Talk en\u00a02011<\/a>, une conf\u00e9rence fa\u00e7on stand-up vue 33\u00a0millions de fois sur YouTube, puis en avait fait La R\u00e8gle des cinq secondes (Leduc, 2018). Cette fois-ci, elle est en tourn\u00e9e pour son nouveau livre, The Let Them Theory, publi\u00e9 en d\u00e9cembre\u00a02024, et toujours en t\u00eate des ventes aux Etats-Unis et au Royaume-Uni. L\u2019ouvrage, traduit en 56\u00a0langues, s\u2019est d\u00e9j\u00e0 vendu \u00e0 plus de 5\u00a0millions d\u2019exemplaires dans le monde et vient de para\u00eetre, en fran\u00e7ais, sous le titre\u00a0: La Th\u00e9orie Let Them (Leduc, 368\u00a0pages, 19,90\u00a0euros). \u00ab\u00a0Let Them\u00a0\u00bb, c\u2019est aussi le nom de son show d\u00e9j\u00e0 pass\u00e9 par New York, Boston, Chicago, Toronto, et dont Londres est la derni\u00e8re \u00e9tape.<\/p>\n<p class=\"reading-mode-only \"><strong>Il vous reste 83.36% de cet article \u00e0 lire. La suite est r\u00e9serv\u00e9e aux abonn\u00e9s.<\/strong><\/p>\n","protected":false},"excerpt":{"rendered":"Mel Robbins sur la sc\u00e8ne du Boch Center Wang Theatre, \u00e0 Boston (Massachusetts), le 2\u00a0mai 2025. Sa tourn\u00e9e&hellip;\n","protected":false},"author":2,"featured_media":259590,"comment_status":"","ping_status":"","sticky":false,"template":"","format":"standard","meta":{"footnotes":""},"categories":[1357],"tags":[1379,58,59,1011,27,1380],"class_list":{"0":"post-259589","1":"post","2":"type-post","3":"status-publish","4":"format-standard","5":"has-post-thumbnail","7":"category-livres","8":"tag-books","9":"tag-divertissement","10":"tag-entertainment","11":"tag-fr","12":"tag-france","13":"tag-livres"},"share_on_mastodon":{"url":"https:\/\/pubeurope.com\/@fr\/114881810210729390","error":""},"_links":{"self":[{"href":"https:\/\/www.europesays.com\/fr\/wp-json\/wp\/v2\/posts\/259589","targetHints":{"allow":["GET"]}}],"collection":[{"href":"https:\/\/www.europesays.com\/fr\/wp-json\/wp\/v2\/posts"}],"about":[{"href":"https:\/\/www.europesays.com\/fr\/wp-json\/wp\/v2\/types\/post"}],"author":[{"embeddable":true,"href":"https:\/\/www.europesays.com\/fr\/wp-json\/wp\/v2\/users\/2"}],"replies":[{"embeddable":true,"href":"https:\/\/www.europesays.com\/fr\/wp-json\/wp\/v2\/comments?post=259589"}],"version-history":[{"count":0,"href":"https:\/\/www.europesays.com\/fr\/wp-json\/wp\/v2\/posts\/259589\/revisions"}],"wp:featuredmedia":[{"embeddable":true,"href":"https:\/\/www.europesays.com\/fr\/wp-json\/wp\/v2\/media\/259590"}],"wp:attachment":[{"href":"https:\/\/www.europesays.com\/fr\/wp-json\/wp\/v2\/media?parent=259589"}],"wp:term":[{"taxonomy":"category","embeddable":true,"href":"https:\/\/www.europesays.com\/fr\/wp-json\/wp\/v2\/categories?post=259589"},{"taxonomy":"post_tag","embeddable":true,"href":"https:\/\/www.europesays.com\/fr\/wp-json\/wp\/v2\/tags?post=259589"}],"curies":[{"name":"wp","href":"https:\/\/api.w.org\/{rel}","templated":true}]}}