{"id":259599,"date":"2025-07-19T20:39:09","date_gmt":"2025-07-19T20:39:09","guid":{"rendered":"https:\/\/www.europesays.com\/fr\/259599\/"},"modified":"2025-07-19T20:39:09","modified_gmt":"2025-07-19T20:39:09","slug":"tres-choquee-lex-miss-france-renonce-au-festival-off","status":"publish","type":"post","link":"https:\/\/www.europesays.com\/fr\/259599\/","title":{"rendered":"\u00ab\u00a0Tr\u00e8s choqu\u00e9e\u00a0\u00bb, l&rsquo;ex-Miss France renonce au Festival Off"},"content":{"rendered":"<p>Deux jours apr\u00e8s avoir \u00e9t\u00e9 <a href=\"https:\/\/www.laprovence.com\/article\/faits-divers-justice\/30023945017633\/l-ex-miss-france-rachel-legrain-trapani-victime-d-une-agression-sexuelle-en-plein-festival-d-avignon\" target=\"_blank\" rel=\"noopener\">victime d&rsquo;une agression sexuelle<\/a> en pleine s\u00e9ance de tractage, rue de la R\u00e9publique, la com\u00e9dienne Rachel Legrain-Trapani, ex-Miss France 2007, renonce finalement \u00e0 aller au bout de son aventure dans le festival Off 2025. \u00ab\u00a0Hier elle a fondu en larmes en sortant de sc\u00e8ne, elle est tr\u00e8s choqu\u00e9e et vit cette \u00e9preuve loin de sa famille en faisant face aux sollicitations de la presse, c&rsquo;est trop\u00a0\u00bb, explique Sweety Luchmoneea, sa productrice.<\/p>\n<p>L&rsquo;auteur des attouchements interpell\u00e9<\/p>\n<p>Jeudi 17\u00a0juillet aux alentours de 20h20, alors qu&rsquo;elle distribuait des flyers dans la rue de la R\u00e9publique et se pr\u00eatait au jeu des selfies avec des festivaliers, Rachel Legrain-Trapani a subi des attouchements de la part d&rsquo;un individu qui s&rsquo;\u00e9tait m\u00eal\u00e9 \u00e0 l&rsquo;attroupement et venait de solliciter une photo. \u00ab\u00a0Il a commenc\u00e9 \u00e0 me toucher. J&rsquo;\u00e9tais sur le cul, je ne m&rsquo;attendais pas \u00e0 \u00e7a\u00a0\u00bb, a-t-elle ensuite relat\u00e9 sur les r\u00e9seaux sociaux. L&rsquo;individu, un homme de 29\u00a0ans, a \u00e9t\u00e9 interpell\u00e9 avant d&rsquo;\u00eatre rel\u00e2ch\u00e9 avec une convocation devant le tribunal.<\/p>\n<p>Rachel Legrain-Trapani devrait jouer une ultime repr\u00e9sentation de son premier seule-en-sc\u00e8ne, Pas si Miss que \u00e7a, ce dimanche 20\u00a0juillet pour saluer une derni\u00e8re fois son public avant de quitter Avignon.<\/p>\n","protected":false},"excerpt":{"rendered":"Deux jours apr\u00e8s avoir \u00e9t\u00e9 victime d&rsquo;une agression sexuelle en pleine s\u00e9ance de tractage, rue de la R\u00e9publique,&hellip;\n","protected":false},"author":2,"featured_media":259600,"comment_status":"","ping_status":"","sticky":false,"template":"","format":"standard","meta":{"footnotes":""},"categories":[8],"tags":[17,35831,6184,12372,58,59,1011,27,39974,39973,16,35832,933],"class_list":{"0":"post-259599","1":"post","2":"type-post","3":"status-publish","4":"format-standard","5":"has-post-thumbnail","7":"category-divertissement","8":"tag-17","9":"tag-agressee","10":"tag-avignon","11":"tag-choquee","12":"tag-divertissement","13":"tag-entertainment","14":"tag-fr","15":"tag-france","16":"tag-legrain-trapani","17":"tag-rachel","18":"tag-region","19":"tag-sexuellement","20":"tag-tres"},"share_on_mastodon":{"url":"https:\/\/pubeurope.com\/@fr\/114881833487691739","error":""},"_links":{"self":[{"href":"https:\/\/www.europesays.com\/fr\/wp-json\/wp\/v2\/posts\/259599","targetHints":{"allow":["GET"]}}],"collection":[{"href":"https:\/\/www.europesays.com\/fr\/wp-json\/wp\/v2\/posts"}],"about":[{"href":"https:\/\/www.europesays.com\/fr\/wp-json\/wp\/v2\/types\/post"}],"author":[{"embeddable":true,"href":"https:\/\/www.europesays.com\/fr\/wp-json\/wp\/v2\/users\/2"}],"replies":[{"embeddable":true,"href":"https:\/\/www.europesays.com\/fr\/wp-json\/wp\/v2\/comments?post=259599"}],"version-history":[{"count":0,"href":"https:\/\/www.europesays.com\/fr\/wp-json\/wp\/v2\/posts\/259599\/revisions"}],"wp:featuredmedia":[{"embeddable":true,"href":"https:\/\/www.europesays.com\/fr\/wp-json\/wp\/v2\/media\/259600"}],"wp:attachment":[{"href":"https:\/\/www.europesays.com\/fr\/wp-json\/wp\/v2\/media?parent=259599"}],"wp:term":[{"taxonomy":"category","embeddable":true,"href":"https:\/\/www.europesays.com\/fr\/wp-json\/wp\/v2\/categories?post=259599"},{"taxonomy":"post_tag","embeddable":true,"href":"https:\/\/www.europesays.com\/fr\/wp-json\/wp\/v2\/tags?post=259599"}],"curies":[{"name":"wp","href":"https:\/\/api.w.org\/{rel}","templated":true}]}}