{"id":259611,"date":"2025-07-19T20:45:20","date_gmt":"2025-07-19T20:45:20","guid":{"rendered":"https:\/\/www.europesays.com\/fr\/259611\/"},"modified":"2025-07-19T20:45:20","modified_gmt":"2025-07-19T20:45:20","slug":"saint-etienne-de-lusine-scemm-au-campus-une-incroyable-metamorphose","status":"publish","type":"post","link":"https:\/\/www.europesays.com\/fr\/259611\/","title":{"rendered":"Saint-\u00c9tienne. De l\u2019usine SCEMM au campus, une incroyable m\u00e9tamorphose"},"content":{"rendered":"<p>L\u2019histoire de la SCEMM d\u00e9bute en 1917 en plein c\u0153ur de la Premi\u00e8re Guerre mondiale. N\u00e9e de la Sidarm pour la production d\u2019armement, l\u2019usine du Rond-Point, bient\u00f4t rebaptis\u00e9e M\u00e9canicarm, se sp\u00e9cialise rapidement dans l\u2019outillage \u00e0 main, les fusils, les machines textiles et la m\u00e9canique g\u00e9n\u00e9rale. L\u2019apr\u00e8s-guerre marque une premi\u00e8re reconversion avec la fabrication des voitures Morgan et des monocycles Monotrace, d\u2019ing\u00e9nieux v\u00e9hicules \u00e0 deux petites roues lat\u00e9rales escamotables.<\/p>\n<p>\u00c0 partir de 1930 et durant une courte p\u00e9riode de quatre ann\u00e9es qui s\u2019ach\u00e8vera par la fermeture brutale du site, l\u2019usine se tourne vers la production de moteurs diesel Junkers, adapt\u00e9s aux camions, cars et autorails.<\/p>\n<p>En 1938, le groupe Peugeot redonne vie \u00e0 l\u2019usine en fondant la SCEMM qui a pour mission la fabrication de moteurs&#8230;<\/p>\n","protected":false},"excerpt":{"rendered":"L\u2019histoire de la SCEMM d\u00e9bute en 1917 en plein c\u0153ur de la Premi\u00e8re Guerre mondiale. N\u00e9e de la&hellip;\n","protected":false},"author":2,"featured_media":259612,"comment_status":"","ping_status":"","sticky":false,"template":"","format":"standard","meta":{"footnotes":""},"categories":[9653],"tags":[1111,11,2430,1687,7539,1777,674,1011,27,12,2661,25,4001,7538],"class_list":{"0":"post-259611","1":"post","2":"type-post","3":"status-publish","4":"format-standard","5":"has-post-thumbnail","7":"category-saint-etienne","8":"tag-actu","9":"tag-actualites","10":"tag-auvergne-rhone-alpes","11":"tag-culture-loisirs","12":"tag-edition-loire-sud","13":"tag-eu","14":"tag-europe","15":"tag-fr","16":"tag-france","17":"tag-news","18":"tag-patrimoine-culturel","19":"tag-republique-francaise","20":"tag-saint-etienne","21":"tag-saint-etienne-ville"},"share_on_mastodon":{"url":"https:\/\/pubeurope.com\/@fr\/114881857038692897","error":""},"_links":{"self":[{"href":"https:\/\/www.europesays.com\/fr\/wp-json\/wp\/v2\/posts\/259611","targetHints":{"allow":["GET"]}}],"collection":[{"href":"https:\/\/www.europesays.com\/fr\/wp-json\/wp\/v2\/posts"}],"about":[{"href":"https:\/\/www.europesays.com\/fr\/wp-json\/wp\/v2\/types\/post"}],"author":[{"embeddable":true,"href":"https:\/\/www.europesays.com\/fr\/wp-json\/wp\/v2\/users\/2"}],"replies":[{"embeddable":true,"href":"https:\/\/www.europesays.com\/fr\/wp-json\/wp\/v2\/comments?post=259611"}],"version-history":[{"count":0,"href":"https:\/\/www.europesays.com\/fr\/wp-json\/wp\/v2\/posts\/259611\/revisions"}],"wp:featuredmedia":[{"embeddable":true,"href":"https:\/\/www.europesays.com\/fr\/wp-json\/wp\/v2\/media\/259612"}],"wp:attachment":[{"href":"https:\/\/www.europesays.com\/fr\/wp-json\/wp\/v2\/media?parent=259611"}],"wp:term":[{"taxonomy":"category","embeddable":true,"href":"https:\/\/www.europesays.com\/fr\/wp-json\/wp\/v2\/categories?post=259611"},{"taxonomy":"post_tag","embeddable":true,"href":"https:\/\/www.europesays.com\/fr\/wp-json\/wp\/v2\/tags?post=259611"}],"curies":[{"name":"wp","href":"https:\/\/api.w.org\/{rel}","templated":true}]}}