{"id":259613,"date":"2025-07-19T20:46:13","date_gmt":"2025-07-19T20:46:13","guid":{"rendered":"https:\/\/www.europesays.com\/fr\/259613\/"},"modified":"2025-07-19T20:46:13","modified_gmt":"2025-07-19T20:46:13","slug":"championnat-de-france-avenir-a-saint-etienne-adrien-carriou-paimpol-sacre-au-javelot-junior","status":"publish","type":"post","link":"https:\/\/www.europesays.com\/fr\/259613\/","title":{"rendered":"Championnat de France \u00ab\u00a0avenir\u00a0\u00bb \u00e0 Saint-\u00c9tienne\u00a0: Adrien Carriou (Paimpol) sacr\u00e9 au javelot junior"},"content":{"rendered":"<p>Championnat de France \u00ab\u00a0avenir\u00a0\u00bb \u00e0 Saint-\u00c9tienne\u00a0<\/p>\n<p>Au lancer du javelot junior, Adrien Carriou a bien tenu son rang de favori, samedi \u00e0 Saint-\u00c9tienne. Le Paimpolais, qui avait \u00e9tabli la meilleure performance fran\u00e7aise de la saison (65,73 m), a \u00e9t\u00e9 sacr\u00e9 champion de France au terme d\u2019un concours qui a \u00e9t\u00e9 perturb\u00e9 par un violent orage. Le Costarmoricain de 18 ans n\u2019est plus tr\u00e8s \u00e9loign\u00e9 du record r\u00e9gional junior. Dans une autre discipline, le triple-saut, Gabrielle Monnerais a \u00e9t\u00e9 \u00e0 deux doigts d\u2019apporter le deuxi\u00e8me titre de la journ\u00e9e \u00e0 la Bretagne. Deuxi\u00e8me du concours apr\u00e8s avoir battu son record, la cadette du Stade Rennais a r\u00e9alis\u00e9 la m\u00eame \u00ab\u00a0perf\u00a0\u00bb que la championne de France, qui doit son titre uniquement \u00e0 un deuxi\u00e8me essai meilleure que celui de la Bretonne.<\/p>\n<p>L\u2019argent pour Leila Danet<\/p>\n<p>Championne de France en titre du lancer de javelot, la Vannetaise Leila Danet a \u00e9t\u00e9 devanc\u00e9e par l\u2019Alsacienne L\u00e9ana Monzie, qui a r\u00e9alis\u00e9 la meilleure performance de la saison (59,49 m). Pas de regret donc pour la d\u00e9tentrice du record de Bretagne, dont le javelot s\u2019est plant\u00e9 \u00e0 49,32 m dans la pelouse st\u00e9phanoise. Deux autres athl\u00e8tes rennais ont gravi les marches du podium ce samedi\u00a0: Enzo Aspinas-Lambert (HBA) a termin\u00e9 troisi\u00e8me du lancer du poids cadet (15,93 m) et Thibault Buchard (ACB 35) a obtenu la m\u00eame place sur le tour de piste (47\u2019\u201947). L&rsquo;an dernier, \u00e0 Albi ce dernier avait \u00e9t\u00e9 m\u00e9daill\u00e9 d\u2019argent.<\/p>\n<p class=\"titre-tech\">Les r\u00e9sultats des Bretons<\/p>\n<p class=\"tech\"><strong class=\"tech\">Filles. <br \/>Cadettes<\/strong>. <strong class=\"tech\">400 m\u00a0<\/strong>: 7. Lucie Duvigneau (AC Cesson) 58\u2019\u201913<\/p>\n<p class=\"tech\"><strong class=\"tech\">100 haies\u00a0<\/strong>: 6. Anna\u00eblle Roy (Paimpol) 14\u2019\u201965.<\/p>\n<p class=\"tech\"><strong class=\"tech\">Triple saut\u00a0<\/strong>: 2. Gabrielle Monnerais (SR) 12,81 m\u00a0; 9. Chlo\u00e9 Heurtel (AP Vannes) 11,65 m.<\/p>\n<p class=\"tech\"><strong class=\"tech\">Juniors.<\/strong><strong class=\"tech\">100 haies\u00a0<\/strong>: 6. Suzie Harnois (HBA) 14\u2019\u201950.<\/p>\n<p class=\"tech\"><strong class=\"tech\">Hauteur\u00a0<\/strong>: 8. Louise Bertel (HBA) 1,64 m.<\/p>\n<p class=\"tech\"><strong class=\"tech\">Triple\u00a0<\/strong>: 4. Louise Piron (HBA) 12,36 m\u00a0; Calista Riou (Paimpol) (non mesur\u00e9)<\/p>\n<p class=\"tech\"><strong class=\"tech\">Javelot\u00a0<\/strong>: 2. Leila Danet (AP Vannes) 49,32 m.<\/p>\n<p class=\"tech\"><strong class=\"tech\">Espoirs.<\/strong><strong class=\"tech\">400 m<\/strong>\u00a0: 8. Anne Le Bourhis (Stade Brestois) 56\u2019\u201931<\/p>\n<p class=\"tech\"><strong class=\"tech\">100 haies\u00a0<\/strong>: 7. Charlyne Martin (QA) 14\u2019\u201939.<\/p>\n<p class=\"tech\"><strong class=\"tech\">Gar\u00e7ons<\/strong>. <br \/><strong class=\"tech\">Cadets. 5\u00a0000 m marche\u00a0<\/strong>: 4. Gw\u00e9nol\u00e9 Perdereau (Foug\u00e8res) 23\u201919\u2019\u201984\u00a0; 7. Paul Tr\u00e9horel (TLA) 24\u201938\u2019\u201972<\/p>\n<p class=\"tech\"><strong class=\"tech\">Longueur\u00a0<\/strong>: 8. Antoine Brunel (ACR Dinan) 6,59 m.<\/p>\n<p class=\"tech\"><strong class=\"tech\">Poids\u00a0<\/strong>: 3. Enzo Aspinas-Lambert (HBA) 15,93 m.<\/p>\n<p class=\"tech\"><strong class=\"tech\">Juniors. 400 m<\/strong>\u00a0: 3. Thibault Buchard (ACB 35) 47\u2019\u201947.<\/p>\n<p class=\"tech\"><strong class=\"tech\">110 haies\u00a0<\/strong>: 8. Killian Vinay (HBA) 14\u2019\u201958.<\/p>\n<p class=\"tech\"><strong class=\"tech\">Triple\u00a0<\/strong>; 6. Youenn Riou (Paimpol) 14,47 m\u00a0; 9. Paul Nkoum (SB) 14,07 m<\/p>\n<p class=\"tech\"><strong class=\"tech\">Javelot\u00a0<\/strong>: 1. Adrien Carriou (Paimpol) 64,15 m.<\/p>\n<p class=\"tech\"><strong class=\"tech\">Espoirs<\/strong>. 400 m\u00a0: 6. Bastien Fert (HBA) 47\u2019\u201987.<\/p>\n","protected":false},"excerpt":{"rendered":"Championnat de France \u00ab\u00a0avenir\u00a0\u00bb \u00e0 Saint-\u00c9tienne\u00a0 Au lancer du javelot junior, Adrien Carriou a bien tenu son rang&hellip;\n","protected":false},"author":2,"featured_media":259614,"comment_status":"","ping_status":"","sticky":false,"template":"","format":"standard","meta":{"footnotes":""},"categories":[9653],"tags":[1111,11,4132,2430,1777,674,1011,27,12,7762,25,4001,60],"class_list":{"0":"post-259613","1":"post","2":"type-post","3":"status-publish","4":"format-standard","5":"has-post-thumbnail","7":"category-saint-etienne","8":"tag-actu","9":"tag-actualites","10":"tag-athletisme","11":"tag-auvergne-rhone-alpes","12":"tag-eu","13":"tag-europe","14":"tag-fr","15":"tag-france","16":"tag-news","17":"tag-paimpol","18":"tag-republique-francaise","19":"tag-saint-etienne","20":"tag-sports"},"share_on_mastodon":{"url":"https:\/\/pubeurope.com\/@fr\/114881860880225847","error":""},"_links":{"self":[{"href":"https:\/\/www.europesays.com\/fr\/wp-json\/wp\/v2\/posts\/259613","targetHints":{"allow":["GET"]}}],"collection":[{"href":"https:\/\/www.europesays.com\/fr\/wp-json\/wp\/v2\/posts"}],"about":[{"href":"https:\/\/www.europesays.com\/fr\/wp-json\/wp\/v2\/types\/post"}],"author":[{"embeddable":true,"href":"https:\/\/www.europesays.com\/fr\/wp-json\/wp\/v2\/users\/2"}],"replies":[{"embeddable":true,"href":"https:\/\/www.europesays.com\/fr\/wp-json\/wp\/v2\/comments?post=259613"}],"version-history":[{"count":0,"href":"https:\/\/www.europesays.com\/fr\/wp-json\/wp\/v2\/posts\/259613\/revisions"}],"wp:featuredmedia":[{"embeddable":true,"href":"https:\/\/www.europesays.com\/fr\/wp-json\/wp\/v2\/media\/259614"}],"wp:attachment":[{"href":"https:\/\/www.europesays.com\/fr\/wp-json\/wp\/v2\/media?parent=259613"}],"wp:term":[{"taxonomy":"category","embeddable":true,"href":"https:\/\/www.europesays.com\/fr\/wp-json\/wp\/v2\/categories?post=259613"},{"taxonomy":"post_tag","embeddable":true,"href":"https:\/\/www.europesays.com\/fr\/wp-json\/wp\/v2\/tags?post=259613"}],"curies":[{"name":"wp","href":"https:\/\/api.w.org\/{rel}","templated":true}]}}