{"id":259631,"date":"2025-07-19T21:04:13","date_gmt":"2025-07-19T21:04:13","guid":{"rendered":"https:\/\/www.europesays.com\/fr\/259631\/"},"modified":"2025-07-19T21:04:13","modified_gmt":"2025-07-19T21:04:13","slug":"a-nice-un-homme-agresse-deux-sauveteurs-qui-lui-avaient-demande-de-ne-pas-rester-nu-sur-la-plage","status":"publish","type":"post","link":"https:\/\/www.europesays.com\/fr\/259631\/","title":{"rendered":"\u00c0 Nice, un homme agresse deux sauveteurs qui lui avaient demand\u00e9 de ne pas rester nu sur la plage"},"content":{"rendered":"<p>Deux nageurs sauveteurs ont \u00e9t\u00e9 agress\u00e9s par un homme sur\u00a0la plage des Ponchettes, \u00e0 Nice,\u00a0mercredi 16\u00a0juillet 2025. Selon <a href=\"https:\/\/www.nicematin.com\/faits-divers\/-on-a-atteint-un-degre-de-violence-intolerable-les-sapeurs-pompiers-indignes-apres-l-agression-de-deux-nageurs-sauveteurs-a-nice-994488\" target=\"_blank\" rel=\"nofollow noopener\"> Nice-Matin <\/a>, le suspect\u00a0aurait importun\u00e9 des femmes et \u00e9tait nu.\u00a0Le chef du poste de secours et son \u00e9quipier ont donc \u00e9t\u00e9 contraints de le rappeler \u00e0 l\u2019ordre.<\/p>\n<p>Le suspect interpell\u00e9<\/p>\n<p><strong>\u00ab\u00a0Le monsieur a \u00e9t\u00e9 agressif et leur a port\u00e9 des coups\u00a0\u00bb<\/strong>, a d\u00e9crit \u00e0 nos confr\u00e8res le\u00a0lieutenant-colonel Jean Giudicelli\u00a0du SDIS 06.\u00a0Le chef de poste aurait \u00e9t\u00e9 pouss\u00e9 dans le dos. Son coll\u00e8gue de 20\u00a0ans aurait re\u00e7u un coup de poing \u00e0 l\u2019arcade sourcili\u00e8re en voulant s\u2019interposer. Bless\u00e9 l\u00e9g\u00e8rement et choqu\u00e9, il a \u00e9t\u00e9 transport\u00e9 \u00e0 l\u2019h\u00f4pital. <strong>\u00ab\u00a0On ne peut pas tol\u00e9rer ce genre d\u2019action \u00e0 notre encontre. C\u2019est inadmissible vis-\u00e0-vis de nos coll\u00e8gues et de la soci\u00e9t\u00e9 en g\u00e9n\u00e9ral\u00a0\u00bb<\/strong>, a soulign\u00e9 Jean Giudicelli assurant que le nombre d\u2019agressions est en augmentation.<\/p>\n<p>Le suspect\u00a0a \u00e9t\u00e9 interpell\u00e9 par\u00a0la police municipale puis remis \u00e0 la police nationale. Il a \u00e9t\u00e9 plac\u00e9 en garde \u00e0 vue. Il s\u2019agirait d\u2019un homme \u00e2g\u00e9, selon <a href=\"https:\/\/www.bfmtv.com\/cote-d-azur\/nice-un-homme-agresse-deux-nageurs-sauveteurs-apres-avoir-ete-somme-de-ne-pas-rester-nu-sur-la-plage_AN-202507160417.html\" target=\"_blank\" rel=\"nofollow noopener\"> BFM C\u00f4te d&rsquo;Azur <\/a>. Une plainte devait \u00eatre d\u00e9pos\u00e9e par le SDIS06\u00a0ainsi que le chef de poste agress\u00e9.<\/p>\n<p>\n                Nous avons bloqu\u00e9 l\u2019affichage de ce contenu pour respecter vos choix en mati\u00e8re de cookies.<br \/>En cliquant sur \u00abConsulter\u00bb, vous acceptez le d\u00e9p\u00f4t de cookies par des services de r\u00e9seaux sociaux tels que Twitter.<br \/>\n                Consulter\n            <\/p>\n<blockquote class=\"twitter-tweet\" wp_automatic_readability=\"7.4823529411765\">\n<p lang=\"fr\" dir=\"ltr\">Ce matin, une agression inacceptable a eu lieu sur la plage des Ponchettes.<br \/>Deux nageurs-sauveteurs ont \u00e9t\u00e9 violemment frapp\u00e9s au visage par un individu qu\u2019ils rappelaient \u00e0 l\u2019ordre.<br \/>L\u2019un d\u2019eux est bless\u00e9.<br \/>L\u2019agresseur a \u00e9t\u00e9 appr\u00e9hend\u00e9 par la <a href=\"https:\/\/twitter.com\/PMdeNice?ref_src=twsrc%5Etfw\" rel=\"nofollow noopener\" target=\"_blank\">@pmdenice<\/a> et une plainte a \u00e9t\u00e9\u2026<\/p>\n<p>\u2014 Christian Estrosi (@cestrosi) <a href=\"https:\/\/twitter.com\/cestrosi\/status\/1945415458888265989?ref_src=twsrc%5Etfw\" rel=\"nofollow noopener\" target=\"_blank\">July 16, 2025<\/a><\/p><\/blockquote>\n<p>\u00ab\u00a0Inacceptable\u00a0\u00bb<\/p>\n<p>Christian Estrosi, le maire de Nice, a d\u00e9nonc\u00e9 <strong>\u00ab\u00a0une agression inacceptable\u00a0\u00bb<\/strong> dans un message post\u00e9 sur son compte X mercredi 16\u00a0juillet 2025. <strong>\u00ab\u00a0J\u2019adresse tout mon soutien \u00e0 nos sauveteurs. Tol\u00e9rance z\u00e9ro face \u00e0 la violence\u00a0\u00bb<\/strong>, a-t-il \u00e9crit.\u00a0<\/p>\n<p><strong>\u00ab\u00a0Il est absolument inacceptable que nos pompiers, qui assurent la s\u00e9curit\u00e9 des Maralpins, parfois au p\u00e9ril de leur propre vie, aient \u00e0 subir de telles attaques. Je condamne cet acte d\u2019agression avec la plus grande fermet\u00e9\u00a0\u00bb<\/strong>, a d\u00e9clar\u00e9 <a href=\"https:\/\/x.com\/ca_ginesy\/status\/1945431419347447832\" target=\"_blank\" rel=\"nofollow\">sur X<\/a> Charles Ange Gin\u00e9sy, pr\u00e9sident du d\u00e9partement.<\/p>\n<p>\u00a0<\/p>\n<p>\t\t<script async src=\"https:\/\/platform.twitter.com\/widgets.js\" charset=\"utf-8\"><\/script><\/p>\n","protected":false},"excerpt":{"rendered":"Deux nageurs sauveteurs ont \u00e9t\u00e9 agress\u00e9s par un homme sur\u00a0la plage des Ponchettes, \u00e0 Nice,\u00a0mercredi 16\u00a0juillet 2025. Selon&hellip;\n","protected":false},"author":2,"featured_media":259632,"comment_status":"","ping_status":"","sticky":false,"template":"","format":"standard","meta":{"footnotes":""},"categories":[2819],"tags":[1111,11,8058,7650,1777,674,1011,27,4933,12,2401,39977,15656,882,25,8291,39976,12326],"class_list":{"0":"post-259631","1":"post","2":"type-post","3":"status-publish","4":"format-standard","5":"has-post-thumbnail","7":"category-nice","8":"tag-actu","9":"tag-actualites","10":"tag-agresse","11":"tag-demande","12":"tag-eu","13":"tag-europe","14":"tag-fr","15":"tag-france","16":"tag-homme","17":"tag-news","18":"tag-nice","19":"tag-nu","20":"tag-plage","21":"tag-provence-alpes-cote-dazur","22":"tag-republique-francaise","23":"tag-rester","24":"tag-sauveteurs","25":"tag-seyne"},"share_on_mastodon":{"url":"https:\/\/pubeurope.com\/@fr\/114881931765819870","error":""},"_links":{"self":[{"href":"https:\/\/www.europesays.com\/fr\/wp-json\/wp\/v2\/posts\/259631","targetHints":{"allow":["GET"]}}],"collection":[{"href":"https:\/\/www.europesays.com\/fr\/wp-json\/wp\/v2\/posts"}],"about":[{"href":"https:\/\/www.europesays.com\/fr\/wp-json\/wp\/v2\/types\/post"}],"author":[{"embeddable":true,"href":"https:\/\/www.europesays.com\/fr\/wp-json\/wp\/v2\/users\/2"}],"replies":[{"embeddable":true,"href":"https:\/\/www.europesays.com\/fr\/wp-json\/wp\/v2\/comments?post=259631"}],"version-history":[{"count":0,"href":"https:\/\/www.europesays.com\/fr\/wp-json\/wp\/v2\/posts\/259631\/revisions"}],"wp:featuredmedia":[{"embeddable":true,"href":"https:\/\/www.europesays.com\/fr\/wp-json\/wp\/v2\/media\/259632"}],"wp:attachment":[{"href":"https:\/\/www.europesays.com\/fr\/wp-json\/wp\/v2\/media?parent=259631"}],"wp:term":[{"taxonomy":"category","embeddable":true,"href":"https:\/\/www.europesays.com\/fr\/wp-json\/wp\/v2\/categories?post=259631"},{"taxonomy":"post_tag","embeddable":true,"href":"https:\/\/www.europesays.com\/fr\/wp-json\/wp\/v2\/tags?post=259631"}],"curies":[{"name":"wp","href":"https:\/\/api.w.org\/{rel}","templated":true}]}}