{"id":259655,"date":"2025-07-19T21:21:33","date_gmt":"2025-07-19T21:21:33","guid":{"rendered":"https:\/\/www.europesays.com\/fr\/259655\/"},"modified":"2025-07-19T21:21:33","modified_gmt":"2025-07-19T21:21:33","slug":"ladresse-la-plus-polie-et-branchee-de-paris","status":"publish","type":"post","link":"https:\/\/www.europesays.com\/fr\/259655\/","title":{"rendered":"L&rsquo;adresse la plus polie (et branch\u00e9e) de Paris"},"content":{"rendered":"<p class=\"has-dropcap\">En attendant la Riviera, les Am\u00e9ricaines feront-elles une halte \u00e0 <a href=\"https:\/\/www.vanityfair.fr\/dossier\/paris\" isautogenerated=\"true\" target=\"_blank\" rel=\"noopener\">Paris<\/a>\u2009? Avant les plages et autres restaurants festifs, elles pourraient \u00eatre nombreuses \u00e0 se retrouver chez Merci, le concept store du Marais o\u00f9 <a href=\"https:\/\/www.vanityfair.fr\/dossier\/jennifer-lopez\" isautogenerated=\"true\" target=\"_blank\" rel=\"noopener\">Jennifer Lopez<\/a>, Jessica Alba et <a href=\"https:\/\/www.vanityfair.fr\/dossier\/angelina-jolie\" isautogenerated=\"true\" target=\"_blank\" rel=\"noopener\">Angelina Jolie<\/a> viennent anonymement faire leurs emplettes. Bingo pour les accros qui pr\u00e9f\u00e8reront un Paris-Roissy \u00e0 un Nice-\u00c9tats-Unis\u2009: Merci se d\u00e9double du c\u00f4t\u00e9 du Palais-Royal. \u00ab\u2009Ici, la client\u00e8le est bourgeoise-cool. Au Marais, c\u2019est plut\u00f4t bobo-cool\u2009\u00bb, note Na\u00efm, vendeur-merchandiser depuis cinq ans chez Merci, le plus \u00e0 m\u00eame de d\u00e9crypter la nouvelle faune du 19,\u2009rue de Richelieu. Si le concept de Merci est encore un peu flou pour certains, impossible de ne pas avoir d\u00e9j\u00e0 aper\u00e7u un habitant de la capitale, sac en toile au bras ou casquette viss\u00e9e sur la t\u00eate, arborant ces cinq lettres de remerciement. Pour les habitu\u00e9s du lieu, trois superlatifs sont \u00e0 retenir\u2009: la seconde boutique est plus grande \u2013\u20092\u2009600 m2 contre 1\u2009200 m2 boulevard Beaumarchais\u2009\u2013, plus am\u00e9ricaine, avec son loft g\u00e9ant, et plus pointue, gr\u00e2ce \u00e0 sa s\u00e9lection quasi exclusive.<\/p>\n<p>\u00ab\u2009Notre ambition n\u2019\u00e9tait pas de reproduire le m\u00eame endroit. Il fallait que tout change sans que rien ne change\u2009\u00bb, explique Arthur Gerbi, \u00e0 la t\u00eate de la soci\u00e9t\u00e9 familiale depuis 2016. Depuis ses d\u00e9buts \u2013\u2009il a \u00e9t\u00e9 cr\u00e9\u00e9 en 2009\u2009\u2013, ce \u00ab\u2009bazar chic\u2009\u00bb veut s\u00e9duire un large public. Comment\u2009? Gr\u00e2ce \u00e0 une s\u00e9lection soign\u00e9e, \u00e0 tous les prix, d\u2019objets du quotidien, d\u2019art de la table et de v\u00eatements que l\u2019on ne trouve souvent nulle part ailleurs.<\/p>\n<p>Marques japonaises<\/p>\n<p>Sous la verri\u00e8re de cet ancien bureau de poste, les rep\u00e8res sont bien l\u00e0. L\u2019embl\u00e9matique Fiat 500 rouge, pr\u00e9sente dans la cour de la boutique-m\u00e8re, tr\u00f4ne \u00e0 l\u2019int\u00e9rieur. Le d\u00e9cor est sign\u00e9 Emma Jaeger, Jo Nagasaka et Sarah Espeute, trois artistes \u00e0 la renomm\u00e9e internationale. La s\u00e9lection de marques japonaises de v\u00eatements rencontre aussi un grand succ\u00e8s. \u00ab\u2009Nous ne sommes pas une boutique r\u00e9serv\u00e9e \u00e0 une \u00e9lite, mais un magasin populaire ouvert \u00e0 tous sans concession\u2009\u00bb, mart\u00e8le Arthur Gerbi. De la r\u00e9sidente du quartier aux c\u00e9l\u00e9brit\u00e9s am\u00e9ricaines, de l\u2019\u00e9tudiant \u00e0 petit pouvoir d\u2019achat au touriste \u00e9clair\u00e9. Avec ce luxe supr\u00eame que rien ne peut acheter\u2009: le sourire, et la confidentialit\u00e9.<\/p>\n<p><img decoding=\"async\" alt=\"article image\" class=\"ResponsiveImageContainer-eybHBd fptoWY responsive-image__image\" src=\"https:\/\/www.europesays.com\/fr\/wp-content\/uploads\/2025\/07\/Les%20marques%20de%20mode%20japonaises.jpg\"  \/><a class=\"BaseWrap-sc-gjQpdd BaseText-ewhhUZ BaseLink-eNWuiM ContentCardEmbedHedLink-eXLwe iUEiRd fxzMGB jKJTKa eFUKSb content-card-embed__hed-link\" href=\"https:\/\/www.vanityfair.fr\/article\/les-meilleures-marques-de-vetements-japonaises-pour-les-hommes-et-les-femmes\" data-testid=\"ContentCardEmbedHedLink\" target=\"_blank\" rel=\"noopener\">Les 11 meilleures marques de v\u00eatements japonaises pour les hommes et les femmes<\/a><\/p>\n<p>Si vous \u00eates un amoureux inconditionnel du Japon, ces marques de v\u00eatements d&rsquo;origine japonaise sauront vous s\u00e9duire.<\/p>\n","protected":false},"excerpt":{"rendered":"En attendant la Riviera, les Am\u00e9ricaines feront-elles une halte \u00e0 Paris\u2009? Avant les plages et autres restaurants festifs,&hellip;\n","protected":false},"author":2,"featured_media":259656,"comment_status":"","ping_status":"","sticky":false,"template":"","format":"standard","meta":{"footnotes":""},"categories":[1888],"tags":[1111,1928,11,1927,1777,674,1011,27,1031,985,12,1926,626,1925,25,6747],"class_list":{"0":"post-259655","1":"post","2":"type-post","3":"status-publish","4":"format-standard","5":"has-post-thumbnail","7":"category-paris","8":"tag-actu","9":"tag-actu-paris","10":"tag-actualites","11":"tag-actualites-paris","12":"tag-eu","13":"tag-europe","14":"tag-fr","15":"tag-france","16":"tag-magazine","17":"tag-mode","18":"tag-news","19":"tag-news-paris","20":"tag-paris","21":"tag-paris-news","22":"tag-republique-francaise","23":"tag-textabovecentergridwidth"},"share_on_mastodon":{"url":"https:\/\/pubeurope.com\/@fr\/114881998609113446","error":""},"_links":{"self":[{"href":"https:\/\/www.europesays.com\/fr\/wp-json\/wp\/v2\/posts\/259655","targetHints":{"allow":["GET"]}}],"collection":[{"href":"https:\/\/www.europesays.com\/fr\/wp-json\/wp\/v2\/posts"}],"about":[{"href":"https:\/\/www.europesays.com\/fr\/wp-json\/wp\/v2\/types\/post"}],"author":[{"embeddable":true,"href":"https:\/\/www.europesays.com\/fr\/wp-json\/wp\/v2\/users\/2"}],"replies":[{"embeddable":true,"href":"https:\/\/www.europesays.com\/fr\/wp-json\/wp\/v2\/comments?post=259655"}],"version-history":[{"count":0,"href":"https:\/\/www.europesays.com\/fr\/wp-json\/wp\/v2\/posts\/259655\/revisions"}],"wp:featuredmedia":[{"embeddable":true,"href":"https:\/\/www.europesays.com\/fr\/wp-json\/wp\/v2\/media\/259656"}],"wp:attachment":[{"href":"https:\/\/www.europesays.com\/fr\/wp-json\/wp\/v2\/media?parent=259655"}],"wp:term":[{"taxonomy":"category","embeddable":true,"href":"https:\/\/www.europesays.com\/fr\/wp-json\/wp\/v2\/categories?post=259655"},{"taxonomy":"post_tag","embeddable":true,"href":"https:\/\/www.europesays.com\/fr\/wp-json\/wp\/v2\/tags?post=259655"}],"curies":[{"name":"wp","href":"https:\/\/api.w.org\/{rel}","templated":true}]}}