{"id":259659,"date":"2025-07-19T21:23:15","date_gmt":"2025-07-19T21:23:15","guid":{"rendered":"https:\/\/www.europesays.com\/fr\/259659\/"},"modified":"2025-07-19T21:23:15","modified_gmt":"2025-07-19T21:23:15","slug":"vepres-du-19-juillet-2025-a-notre-dame-de-paris-ktotv","status":"publish","type":"post","link":"https:\/\/www.europesays.com\/fr\/259659\/","title":{"rendered":"V\u00eapres du 19 juillet 2025 \u00e0 Notre-Dame de Paris \u2014 KTOTV"},"content":{"rendered":"<p>Chaque jour \u00e0 17h30, KTO filme et retransmet les V\u00eapres depuis Notre-Dame de Paris rouverte. Les V\u00eapres font partie des Heures de l\u2019Office divin, c\u2019est la pri\u00e8re solennelle du soir. L\u2019office de V\u00eapres comprend, apr\u00e8s l\u2019introduction, une hymne, deux Psaumes, un Cantique du Nouveau Testament, une lecture br\u00e8ve, le chant d\u2019actions de gr\u00e2ces du Magnificat, les pri\u00e8res d\u2019intercession et une br\u00e8ve oraison. Les textes des V\u00eapres et de la messe sont presque toujours ceux qu\u2019indiquent le site www.aelf.org.<\/p>\n","protected":false},"excerpt":{"rendered":"Chaque jour \u00e0 17h30, KTO filme et retransmet les V\u00eapres depuis Notre-Dame de Paris rouverte. Les V\u00eapres font&hellip;\n","protected":false},"author":2,"featured_media":259660,"comment_status":"","ping_status":"","sticky":false,"template":"","format":"standard","meta":{"footnotes":""},"categories":[1888],"tags":[11,1777,674,1011,27,23780,12,626,25,23781,39978],"class_list":{"0":"post-259659","1":"post","2":"type-post","3":"status-publish","4":"format-standard","5":"has-post-thumbnail","7":"category-paris","8":"tag-actualites","9":"tag-eu","10":"tag-europe","11":"tag-fr","12":"tag-france","13":"tag-kto","14":"tag-news","15":"tag-paris","16":"tag-republique-francaise","17":"tag-television-catholique","18":"tag-vepres-du-19-juillet-2025-a-notre-dame-de-paris"},"share_on_mastodon":{"url":"https:\/\/pubeurope.com\/@fr\/114882006441864755","error":""},"_links":{"self":[{"href":"https:\/\/www.europesays.com\/fr\/wp-json\/wp\/v2\/posts\/259659","targetHints":{"allow":["GET"]}}],"collection":[{"href":"https:\/\/www.europesays.com\/fr\/wp-json\/wp\/v2\/posts"}],"about":[{"href":"https:\/\/www.europesays.com\/fr\/wp-json\/wp\/v2\/types\/post"}],"author":[{"embeddable":true,"href":"https:\/\/www.europesays.com\/fr\/wp-json\/wp\/v2\/users\/2"}],"replies":[{"embeddable":true,"href":"https:\/\/www.europesays.com\/fr\/wp-json\/wp\/v2\/comments?post=259659"}],"version-history":[{"count":0,"href":"https:\/\/www.europesays.com\/fr\/wp-json\/wp\/v2\/posts\/259659\/revisions"}],"wp:featuredmedia":[{"embeddable":true,"href":"https:\/\/www.europesays.com\/fr\/wp-json\/wp\/v2\/media\/259660"}],"wp:attachment":[{"href":"https:\/\/www.europesays.com\/fr\/wp-json\/wp\/v2\/media?parent=259659"}],"wp:term":[{"taxonomy":"category","embeddable":true,"href":"https:\/\/www.europesays.com\/fr\/wp-json\/wp\/v2\/categories?post=259659"},{"taxonomy":"post_tag","embeddable":true,"href":"https:\/\/www.europesays.com\/fr\/wp-json\/wp\/v2\/tags?post=259659"}],"curies":[{"name":"wp","href":"https:\/\/api.w.org\/{rel}","templated":true}]}}