{"id":259661,"date":"2025-07-19T21:24:15","date_gmt":"2025-07-19T21:24:15","guid":{"rendered":"https:\/\/www.europesays.com\/fr\/259661\/"},"modified":"2025-07-19T21:24:15","modified_gmt":"2025-07-19T21:24:15","slug":"alex-ovechkin-appelle-au-retour-des-russes-dans-les-competitions-internationales-lequipe","status":"publish","type":"post","link":"https:\/\/www.europesays.com\/fr\/259661\/","title":{"rendered":"Alex Ovechkin appelle au retour des Russes dans les comp\u00e9titions internationales &#8211; L&#039;\u00c9quipe"},"content":{"rendered":"<ol>\n<li><a href=\"https:\/\/news.google.com\/rss\/articles\/CBMi1gFBVV95cUxPWEpZVmFSZXNYMkd1ZmNxMGJnZFlzb2ZxMnMyTVNxMWxoQkh4MGZlMGhOaDJEdHQxaDQ5UDJsbzBzbUtYd0RPUkpscHNGaEdRN3Y2N1lGWjRzS2pjeFZiVnZ5VGh2Z0loRnBTQjdOUG9FelhEVEIxT0N0Yi1HVi0tR1J5R2YxbUlONE1zckF2ajVDdTJGSnJiTmRXNFBWNkR5SDVSUnFHWDYweld5Vk1jUmJKVnRSeTVhTXo0U2FEbXJuSC1ZX1p5MENnMzhxRHlmMDJmQU9n?oc=5\" target=\"_blank\" rel=\"nofollow noopener\">Alex Ovechkin appelle au retour des Russes dans les comp\u00e9titions internationales<\/a>&nbsp;&nbsp;L&rsquo;\u00c9quipe<\/li>\n<li><a href=\"https:\/\/news.google.com\/rss\/articles\/CBMijwJBVV95cUxOSnRUVTlpbkpqT3dnZUlFaHpObHdMX3FDOVFEVWNHT3lCRHZiSDNMZTFzcVFxYW1ORXAtLVByeEpQOER2Vk0xdllDeFU5bTh1c2xfZEQ5SDhXcXBuVHVzWnFQZ2diaF9CNzg2c25xbktrMm5lS09lXzBFc2xvb3FHZDBnNTVYUjg2Ql9uT1VpNmhsNDlqV1ZGdTV2bUdhSE10ODEwNUh4Wm92d0czaHpxNWp5LTd1OWVma0RWTGRZdUJtc1UxU2RmclFvMkRkM3h5YTdJWEV1UE5LN0NITDRrY2U5dHJLS3lkLURVa0syZmxFcXhrR1NGbTFDR2lxWFpidEFWcWY4OWJBQ3BwYnVZ?oc=5\" target=\"_blank\" rel=\"nofollow noopener\">Soutien de Poutine, la l\u00e9gende du hockey sur glace Alex Ovechkin milite pour le retour des Russes dans les comp\u00e9titions sportives<\/a>&nbsp;&nbsp;Le Figaro<\/li>\n<li><a href=\"https:\/\/news.google.com\/rss\/articles\/CBMixgFBVV95cUxOZHJWT0s1bFZHZkNpVkVsRFI4TDhFdlZDdUxMcVFMNVZGZGYySnVMM1pPR0kxeHNJUFowaENOX1dWTTZwaGhUS1VvX1lWWVNTSzlmbEtUOW1yVzZJekZtREJHUTUwcTd6S2owUXpaa3p4bGpFNTJVQ2lvNlNjQXVCMmx3MURRdlg3QTV2bnpySmNCNjRPR1JfOFZGQXJBeGNIN3Y3ZlZLbmpiYjlhc0djNnJZYzJjNThwNHpOVzR6enphMWJpU1E?oc=5\" target=\"_blank\" rel=\"nofollow noopener\">Comp\u00e9titions sportives internationales | Alex Ovechkin demande le retour des Russes<\/a>&nbsp;&nbsp;La Presse<\/li>\n<li><a href=\"https:\/\/news.google.com\/rss\/articles\/CBMipwFBVV95cUxQZkN6Rm5JeGRSd2dQWnlsczdSd1ZucVVRVlU4Z2E5cmNLQjVYcUstWDJLNXllOG1FWEIxMzd5UXlQWmVvOW5ObXJ2WTl6blVUUlhEbWtzQ2txbmxZcjFPZjhtbDk3WmxwZ055bWlmVUxmakR1M2hIcTBwaUVkczdQazQ5dFhlUVF3Q1laUTNPZlZaQ1BrZlMxckx4R3BMeVRNaEZkUDhzQQ?oc=5\" target=\"_blank\" rel=\"nofollow noopener\">La FIE joue la carte russe avant les Championnats du monde<\/a>&nbsp;&nbsp;Francs Jeux<\/li>\n<li><a href=\"https:\/\/news.google.com\/rss\/articles\/CBMi1AFBVV95cUxNZUJiUGZ5d3c5elhGUGhuVUdRclJrR2thby1CX3lXcmlZMnZqckVDNkR4cFczWHNIVDNNVENQSC1MR2xRRUxWMDZmNDdkVTFwaDBhRFRSalFMZUVxR2dtaE5CMlh2SmFNUHJXZ25uRTBwT1FFeDdkX1JQSVFPUmRmYnhpVjJYeGlFWFhUYl9GaXEzQ1ZJWGhaaF8ySWozMWdIM0c3SjhuSmRXUnV3bHlxYm9zd253bUxyUGZBZ2JYNzlCb2tzekxObkV1cUt3T1M1SkFWYw?oc=5\" target=\"_blank\" rel=\"nofollow noopener\">400 escrimeurs demandent des \u00ab\u00a0contr\u00f4les approfondis\u00a0\u00bb concernant le retour des athl\u00e8tes russes<\/a>&nbsp;&nbsp;Flashscore.fr<\/li>\n<\/ol>\n","protected":false},"excerpt":{"rendered":"Alex Ovechkin appelle au retour des Russes dans les comp\u00e9titions internationales&nbsp;&nbsp;L&rsquo;\u00c9quipe Soutien de Poutine, la l\u00e9gende du hockey&hellip;\n","protected":false},"author":2,"featured_media":259662,"comment_status":"","ping_status":"","sticky":false,"template":"","format":"standard","meta":{"footnotes":""},"categories":[1591],"tags":[11,1887,12,1885,1886,132],"class_list":{"0":"post-259661","1":"post","2":"type-post","3":"status-publish","4":"format-standard","5":"has-post-thumbnail","7":"category-russie","8":"tag-actualites","9":"tag-federation-de-russie","10":"tag-news","11":"tag-russia","12":"tag-russian-federation","13":"tag-russie"},"share_on_mastodon":{"url":"https:\/\/pubeurope.com\/@fr\/114882010391046013","error":""},"_links":{"self":[{"href":"https:\/\/www.europesays.com\/fr\/wp-json\/wp\/v2\/posts\/259661","targetHints":{"allow":["GET"]}}],"collection":[{"href":"https:\/\/www.europesays.com\/fr\/wp-json\/wp\/v2\/posts"}],"about":[{"href":"https:\/\/www.europesays.com\/fr\/wp-json\/wp\/v2\/types\/post"}],"author":[{"embeddable":true,"href":"https:\/\/www.europesays.com\/fr\/wp-json\/wp\/v2\/users\/2"}],"replies":[{"embeddable":true,"href":"https:\/\/www.europesays.com\/fr\/wp-json\/wp\/v2\/comments?post=259661"}],"version-history":[{"count":0,"href":"https:\/\/www.europesays.com\/fr\/wp-json\/wp\/v2\/posts\/259661\/revisions"}],"wp:featuredmedia":[{"embeddable":true,"href":"https:\/\/www.europesays.com\/fr\/wp-json\/wp\/v2\/media\/259662"}],"wp:attachment":[{"href":"https:\/\/www.europesays.com\/fr\/wp-json\/wp\/v2\/media?parent=259661"}],"wp:term":[{"taxonomy":"category","embeddable":true,"href":"https:\/\/www.europesays.com\/fr\/wp-json\/wp\/v2\/categories?post=259661"},{"taxonomy":"post_tag","embeddable":true,"href":"https:\/\/www.europesays.com\/fr\/wp-json\/wp\/v2\/tags?post=259661"}],"curies":[{"name":"wp","href":"https:\/\/api.w.org\/{rel}","templated":true}]}}