{"id":259665,"date":"2025-07-19T21:26:12","date_gmt":"2025-07-19T21:26:12","guid":{"rendered":"https:\/\/www.europesays.com\/fr\/259665\/"},"modified":"2025-07-19T21:26:12","modified_gmt":"2025-07-19T21:26:12","slug":"les-etats-unis-continuent-de-reflechir-la-france-se-rapproche","status":"publish","type":"post","link":"https:\/\/www.europesays.com\/fr\/259665\/","title":{"rendered":"les \u00c9tats-Unis continuent de r\u00e9fl\u00e9chir, la France se rapproche"},"content":{"rendered":"<p>            Par<br \/>\n        <strong><br \/>\n            <a href=\"https:\/\/actu.fr\/auteur\/c-marchand\" title=\"Consulter tous les articles de Chrisma\u00ebl Marchand\" rel=\"nofollow noopener\" target=\"_blank\">Chrisma\u00ebl Marchand<\/a><br \/>\n        <\/strong><\/p>\n<p>        Publi\u00e9 le<\/p>\n<p>            19 juil. 2025 \u00e0 17h41        <\/p>\n<p>Le <b>feuilleton des sous-marins australiens<\/b> est un v\u00e9ritable soap opera. Et les \u00e9pisodes se d\u00e9roulent sur plusieurs continents. L\u2019<b>actualit\u00e9 br\u00fblante<\/b> est, en ce moment, de l\u2019autre c\u00f4t\u00e9 de <b>l\u2019Atlantique<\/b>. <b>L\u2019administration Trump <\/b>a, en effet, <b>lanc\u00e9 une \u00e9tude<\/b> sur la <b>viabilit\u00e9 du contrat Aukus<\/b> sign\u00e9 en <b>2021 <\/b>et s\u2019interroge sur l\u2019int\u00e9r\u00eat de poursuivre dans cette direction.<\/p>\n<p class=\" wall-content\">Les commentaires vont d\u2019ailleurs bon train du c\u00f4t\u00e9 de Washington et mettent en alerte Canberra qui appr\u00e9hende de se retrouver<b> le bec dans l\u2019eau.<\/b><\/p>\n<p class=\" wall-content\">La r\u00e9vision du pacte par les Am\u00e9ricains, qui devait durer 30\u00a0jours, va d\u2019ailleurs jouer les prolongations, mettant en avant<b> l\u2019existence d\u2019opinions divergentes <\/b>au sein de l\u2019<b>establishment militaire am\u00e9ricain <\/b>qui n\u2019h\u00e9site pas, comme pour les <b>membres de l\u2019Otan<\/b>, \u00e0 mettre la pression sur une augmentation substantielle des <b>d\u00e9penses d\u2019armement<\/b>.<\/p>\n<p class=\" wall-content\">Dans ce brouillard militaro-diplomatique, un nouvel \u00e9pisode s\u2019est d\u00e9roul\u00e9, le<b> dimanche 13\u00a0juillet 2025<\/b>, aux Antipodes, avec un sc\u00e9nario d\u00e9j\u00e0 vu,<b> l\u2019\u00e9ventuel \u00ab\u2009remariage\u2009\u00bb avec la France.<\/b><\/p>\n<p class=\" wall-content\">Apr\u00e8s le camouflet de<b> l\u2019\u00e9norme contrat de douze sous-marins avort\u00e9<\/b>, la coop\u00e9ration franco-australienne en mati\u00e8re de d\u00e9fense a finalement \u00ab\u2009repris\u2009\u00bb depuis l\u2019<b>\u00e9lection en 2022<\/b> de l\u2019<b>actuel Premier ministre<\/b> travailliste australien Anthony Albanese, d\u2019apr\u00e8s l\u2019ambassadeur de France en Australie Pierre-Andr\u00e9 Imbert.<\/p>\n<p>\u00ab\u2009S\u2019ils demandent, nous verrons\u2026\u2009\u00bb<\/p>\n<p class=\" wall-content\">La confiance avait, en effet, \u00e9t\u00e9 rompue en septembre\u00a02021 lorsque l\u2019<b>ancien gouvernement<\/b> \u2013 conservateur \u2013 avait brusquement annul\u00e9<b> un contrat de 56\u00a0milliards d\u2019euros<\/b> pour des sous-marins de l\u2019industriel fran\u00e7ais <a href=\"https:\/\/actu.fr\/tag\/naval-group\" rel=\"nofollow noopener\" target=\"_blank\">Naval Group<\/a>, lui pr\u00e9f\u00e9rant dans le cadre d\u2019Aukus des sous-marins \u00e0 propulsion nucl\u00e9aire britanniques ou am\u00e9ricains.<\/p>\n<p class=\" wall-content\">\u00ab\u2009\u00c0 pr\u00e9sent, les premiers piliers de notre coop\u00e9ration sont la d\u00e9fense et la <b>s\u00e9curit\u00e9\u2009<\/b>\u00bb, a ainsi assur\u00e9 \u00e0 l\u2019<a href=\"https:\/\/www.afp.com\/fr\" rel=\"nofollow noopener\" target=\"_blank\">AFP<\/a> le <b>diplomate fran\u00e7ais<\/b>, d\u00e9crivant<b> un partenariat \u00ab\u2009\u00e0 un tr\u00e8s bon niveau\u2009\u00bb <\/b>alors que <b>les forces fran\u00e7aises<\/b> se sont jointes \u00e0 <b>l\u2019arm\u00e9e <\/b>australienne pour des man\u0153uvres d\u2019ampleur dans la r\u00e9gion.<\/p>\n<p class=\" wall-content\">Questionn\u00e9 sur<b> la possibilit\u00e9 d\u2019un nouveau contrat<\/b> pour des sous-marins avec l\u2019Australie si l\u2019accord Aukus venait \u00e0 capoter, l\u2019ambassadeur fran\u00e7ais n\u2019a pas voulu sp\u00e9culer. Mais n\u2019a pas forc\u00e9ment ferm\u00e9 la porte\u2026<\/p>\n<blockquote class=\"ac-article-quote wall-content\">\n<p>Je dirais que c\u2019est plut\u00f4t un probl\u00e8me pour l\u2019Australie pour le moment. Et bien s\u00fbr, nous dialoguons toujours avec nos amis australiens. Mais pour le moment, ils ont choisi Aukus [\u2026] Si cela change (et) qu\u2019ils demandent, nous verrons.<\/p>\n<p>Pierre-Andr\u00e9 Imbert, ambassadeur de France en Australie<\/p><\/blockquote>\n<p class=\" wall-content\">Rappelons que<b> cet accord estim\u00e9 \u00e0 environ 210\u00a0milliards d\u2019euros<\/b> sur 30\u00a0ans doit permettre \u00e0 l\u2019Australie de se doter de huit sous-marins \u00e0 propulsion nucl\u00e9aire (NDLR\u2009: trois de classe Virginia livr\u00e9s par les \u00c9tats-Unis entre\u00a02032 et\u00a02038 puis cinq au d\u00e9but des ann\u00e9es 2040 dans le cadre d\u2019un nouveau programme SSN-Aukus men\u00e9 par les Britanniques).<\/p>\n<p class=\" wall-content\">Suivez toute l\u2019actualit\u00e9 de vos villes et m\u00e9dias favoris en vous inscrivant \u00e0 <a href=\"https:\/\/moncompte.actu.fr\" title=\"D\u00e9couvez Mon Actu\" rel=\"nofollow noopener\" data-trk=\"{&quot;cta&quot;:{&quot;action&quot;:&quot;https:\\\/\\\/moncompte.actu.fr&quot;,&quot;category&quot;:&quot;mon compte&quot;,&quot;from&quot;:&quot;article footer&quot;,&quot;name&quot;:&quot;Mon actu&quot;,&quot;type&quot;:&quot;cta&quot;}}\" target=\"_blank\">Mon Actu<\/a>.<\/p>\n","protected":false},"excerpt":{"rendered":"Par Chrisma\u00ebl Marchand Publi\u00e9 le 19 juil. 2025 \u00e0 17h41 Le feuilleton des sous-marins australiens est un v\u00e9ritable&hellip;\n","protected":false},"author":2,"featured_media":259666,"comment_status":"","ping_status":"","sticky":false,"template":"","format":"standard","meta":{"footnotes":""},"categories":[1589],"tags":[11,33,73,1866,22232,12,5654,15169,1864,1865,1863,308],"class_list":{"0":"post-259665","1":"post","2":"type-post","3":"status-publish","4":"format-standard","5":"has-post-thumbnail","7":"category-etats-unis","8":"tag-actualites","9":"tag-economie","10":"tag-etats-unis","11":"tag-etats-unis-damerique","12":"tag-naval-group","13":"tag-news","14":"tag-nucleaire","15":"tag-sous-marins","16":"tag-united-states","17":"tag-united-states-of-america","18":"tag-us","19":"tag-usa"},"share_on_mastodon":{"url":"https:\/\/pubeurope.com\/@fr\/114882018189419174","error":""},"_links":{"self":[{"href":"https:\/\/www.europesays.com\/fr\/wp-json\/wp\/v2\/posts\/259665","targetHints":{"allow":["GET"]}}],"collection":[{"href":"https:\/\/www.europesays.com\/fr\/wp-json\/wp\/v2\/posts"}],"about":[{"href":"https:\/\/www.europesays.com\/fr\/wp-json\/wp\/v2\/types\/post"}],"author":[{"embeddable":true,"href":"https:\/\/www.europesays.com\/fr\/wp-json\/wp\/v2\/users\/2"}],"replies":[{"embeddable":true,"href":"https:\/\/www.europesays.com\/fr\/wp-json\/wp\/v2\/comments?post=259665"}],"version-history":[{"count":0,"href":"https:\/\/www.europesays.com\/fr\/wp-json\/wp\/v2\/posts\/259665\/revisions"}],"wp:featuredmedia":[{"embeddable":true,"href":"https:\/\/www.europesays.com\/fr\/wp-json\/wp\/v2\/media\/259666"}],"wp:attachment":[{"href":"https:\/\/www.europesays.com\/fr\/wp-json\/wp\/v2\/media?parent=259665"}],"wp:term":[{"taxonomy":"category","embeddable":true,"href":"https:\/\/www.europesays.com\/fr\/wp-json\/wp\/v2\/categories?post=259665"},{"taxonomy":"post_tag","embeddable":true,"href":"https:\/\/www.europesays.com\/fr\/wp-json\/wp\/v2\/tags?post=259665"}],"curies":[{"name":"wp","href":"https:\/\/api.w.org\/{rel}","templated":true}]}}