{"id":259680,"date":"2025-07-19T21:34:13","date_gmt":"2025-07-19T21:34:13","guid":{"rendered":"https:\/\/www.europesays.com\/fr\/259680\/"},"modified":"2025-07-19T21:34:13","modified_gmt":"2025-07-19T21:34:13","slug":"antoine-rozner-avec-viktor-hovland-romain-langasque-avec-jordan-spieth-les-horaires-de-depart-du-4e-tour-de-the-open-en-heure-francaise","status":"publish","type":"post","link":"https:\/\/www.europesays.com\/fr\/259680\/","title":{"rendered":"Antoine Rozner avec Viktor Hovland, Romain Langasque avec Jordan Spieth, les horaires de d\u00e9part du 4e tour de The Open en heure fran\u00e7aise"},"content":{"rendered":"<p>\t\t\t\t\t\t<img width=\"770\" height=\"557\" src=\"https:\/\/www.europesays.com\/fr\/wp-content\/uploads\/2025\/07\/tee-times-ronzer-langasque-saddier-770x557.jpg\" class=\"img-responsive wp-post-image\" alt=\"\" decoding=\"async\" fetchpriority=\"high\"  \/>\t\t\t\t\t<\/p>\n<p>\t\t\t\t\t\t Partager cet article <\/p>\n<p class=\"screen-reader-text juiz_sps_maybe_hidden_text\">Partager la publication \u00ab\u00a0Antoine Rozner avec Viktor Hovland, Romain Langasque avec Jordan Spieth, les horaires de d\u00e9part du 4e tour de The Open en heure fran\u00e7aise\u00a0\u00bb<\/p>\n<p><strong>Les derni\u00e8res parties s\u2019\u00e9lanceront en milieu d\u2019apr\u00e8s midi \u00e0 Portrush, Rory McIlroy sera accompagn\u00e9 de Matthew Fitzpatrick dans l\u2019avant dernier groupe et Haotong Li partagera la partie du num\u00e9ro 1 mondial Scottie Scheffler. Les trois fran\u00e7ais auront \u00e0 coeur de faire oublier leur 3e tour jou\u00e9 au dessus du par et prendront leur d\u00e9part en milieu de matin\u00e9e (heure fran\u00e7aise).\u00a0<\/strong><\/p>\n<p>\t\t\t\t\t<a id=\"178050\" href=\"https:\/\/www.eurogolf.fr\" target=\"_blank\" rel=\"sponsorised nofollow noopener\"><img decoding=\"async\" src=\"data:image\/svg+xml,%3Csvg%20xmlns=\" http:=\"\" class=\"img-responsive\" alt=\"\" data-lazy-src=\"https:\/\/www.europesays.com\/fr\/wp-content\/uploads\/2025\/07\/eurogolf-e02-soldes-ete-1170x275-1.jpeg\"\/><\/a><br \/>\nD\u00e9parts depuis le tee n\u00b01<\/p>\n<p>9:30 Matti Schmid (Allemagne) Riki Kawamoto (Japon)<br \/>9:40 Dean Burmester (Afrique du Sud) Phil Mickelson (USA)<br \/>9:50 Sebastian S\u00f6derberg (Su\u00e8de) Andrew Novak (USA)<br \/>10:00 Shane Lowry (Irlande) Jacob Skov Olesen (Danemark)<br \/><strong>10:10 Antoine ROZNER (France) Viktor Hovland (Norv\u00e8ge)<\/strong><br \/><strong>10:20 Adrien SADDIER (France) Ryggs Johnston (USA)<\/strong><br \/><strong>10:30 Romain LANGASQUE (France) Jordan Spieth (USA)<\/strong><br \/>10:40 Francesco Molinari (Italie) Matthew Jordan (Angleterre)<br \/>10:55 Sergio Garcia (Espagne) Justin Leonard (USA)<br \/>11:05 Thomas Detry (Belgique) Sepp Straka (Autriche)<br \/>11:15 Aaron Rai (Angleterre) Jason Kokrak (USA)<br \/>11:25 Daniel Berger (USA) Jhonattan Vegas (Venezuela)<br \/>11:35 Maverick McNealy (USA) Henrik Stenson (Su\u00e8de)<br \/>11:45 Takumi Kanaya (Japon) Jordan Smith (Angleterre)<br \/>11:55 Sam Burns (USA) Rickie Fowler (USA)<br \/>12:10 Akshay Bhatia (USA) Jon Rahm (Espagne)<br \/>12:20 Jesper Svensson (Su\u00e8de) Thriston Lawrence (Afrique du Sud)<br \/>12:30 Bryson DeChambeau (USA) Nathan Kimsey (Angleterre)<br \/>12:40 Hideki Matsuyama (Japon) Tony Finau (USA)<br \/>12:50 Justin Thomas (USA) Tommy Fleetwood (Angleterre)<br \/>13:00 JJ Spaun (USA) John Parry (Angleterre)<br \/>13:10 Keegan Bradley (USA) Christiaan Bezuidenhout (Afrique du Sud)<br \/>13:25 Marc Leishman (Australie) Lucas Glover (USA)<br \/>13:35 Sungjae Im (Cor\u00e9e du Sud) Dustin Johnson (USA)<br \/>13:45 Corey Conners (Canada) Lee Westwood (Angleterre)<br \/>13:55 Harry Hall (Angleterre) Justin Rose (Angleterre)<br \/>14:05 Ludvig \u00c5berg (Su\u00e8de) Kristoffer Reitan (Norv\u00e8ge)<br \/>14:15 Oliver Lindell (Finlande) Matt Wallace (Angleterre)<br \/>14:25 Wyndham Clark (USA) Brian Harman (USA)<br \/>14:40 Rasmus H\u00f8jgaard (Danemark) Robert MacIntyre (\u00c9cosse)<br \/>14:50 Nicolai H\u00f8jgaard (Danemark) Russell Henley (USA)<br \/><strong>15:00 Xander Schauffele (USA) Tyrrell Hatton (Angleterre)<\/strong><br \/><strong>15:10 Harris English (USA) Chris Gotterup (USA)<\/strong><br \/><strong>15:20 Rory McIlroy (Irlande du Nord) Matt Fitzpatrick (Angleterre)<\/strong><br \/><strong>15:30 Haotong Li (Chine) Scottie Scheffler (USA)<\/strong><\/p>\n<p>\u00a9R&amp;A<\/p>\n","protected":false},"excerpt":{"rendered":"Partager cet article Partager la publication \u00ab\u00a0Antoine Rozner avec Viktor Hovland, Romain Langasque avec Jordan Spieth, les horaires&hellip;\n","protected":false},"author":2,"featured_media":259681,"comment_status":"","ping_status":"","sticky":false,"template":"","format":"standard","meta":{"footnotes":""},"categories":[1418],"tags":[1011,27,1472,60],"class_list":{"0":"post-259680","1":"post","2":"type-post","3":"status-publish","4":"format-standard","5":"has-post-thumbnail","7":"category-golf","8":"tag-fr","9":"tag-france","10":"tag-golf","11":"tag-sports"},"share_on_mastodon":{"url":"https:\/\/pubeurope.com\/@fr\/114882049872170754","error":""},"_links":{"self":[{"href":"https:\/\/www.europesays.com\/fr\/wp-json\/wp\/v2\/posts\/259680","targetHints":{"allow":["GET"]}}],"collection":[{"href":"https:\/\/www.europesays.com\/fr\/wp-json\/wp\/v2\/posts"}],"about":[{"href":"https:\/\/www.europesays.com\/fr\/wp-json\/wp\/v2\/types\/post"}],"author":[{"embeddable":true,"href":"https:\/\/www.europesays.com\/fr\/wp-json\/wp\/v2\/users\/2"}],"replies":[{"embeddable":true,"href":"https:\/\/www.europesays.com\/fr\/wp-json\/wp\/v2\/comments?post=259680"}],"version-history":[{"count":0,"href":"https:\/\/www.europesays.com\/fr\/wp-json\/wp\/v2\/posts\/259680\/revisions"}],"wp:featuredmedia":[{"embeddable":true,"href":"https:\/\/www.europesays.com\/fr\/wp-json\/wp\/v2\/media\/259681"}],"wp:attachment":[{"href":"https:\/\/www.europesays.com\/fr\/wp-json\/wp\/v2\/media?parent=259680"}],"wp:term":[{"taxonomy":"category","embeddable":true,"href":"https:\/\/www.europesays.com\/fr\/wp-json\/wp\/v2\/categories?post=259680"},{"taxonomy":"post_tag","embeddable":true,"href":"https:\/\/www.europesays.com\/fr\/wp-json\/wp\/v2\/tags?post=259680"}],"curies":[{"name":"wp","href":"https:\/\/api.w.org\/{rel}","templated":true}]}}