{"id":259688,"date":"2025-07-19T21:39:14","date_gmt":"2025-07-19T21:39:14","guid":{"rendered":"https:\/\/www.europesays.com\/fr\/259688\/"},"modified":"2025-07-19T21:39:14","modified_gmt":"2025-07-19T21:39:14","slug":"comment-marquez-a-gere-sa-pression-jai-fait-confiance-a-la-technologie","status":"publish","type":"post","link":"https:\/\/www.europesays.com\/fr\/259688\/","title":{"rendered":"Comment M\u00e1rquez a g\u00e9r\u00e9 sa pression\u00a0:\u00a0\u00ab\u00a0J&rsquo;ai fait confiance \u00e0 la technologie\u00a0\u00bb"},"content":{"rendered":"<p><a href=\"https:\/\/fr.motorsport.com\/driver\/marc-marquez\/92646\/\" target=\"_blank\" rel=\"noopener\">Marc M\u00e1rquez<\/a> a refait le coup\u00a0!\u00a0Celui de laisser volontairement passer un adversaire en t\u00eate de la course, pour mieux lui reprendre la victoire \u00e0 la fin. Comme en Tha\u00eflande, en ouverture de la saison, c&rsquo;est une alerte portant sur la pression de son pneu avant qui a pouss\u00e9 l&rsquo;Espagnol \u00e0 agir ainsi puisqu&rsquo;il savait qu&rsquo;il n&rsquo;allait pas pouvoir respecter le seuil minimal de 1,80 bar sur 30% des tours s&rsquo;il restait en t\u00eate avec une piste d\u00e9gag\u00e9e devant lui.<\/p>\n<p>Dans le sixi\u00e8me tour, \u00e0 peine pass\u00e9 le cap de la mi-course, M\u00e1rquez a donc renonc\u00e9 \u00e0 ses 2&Prime;7 d&rsquo;avance et s&rsquo;est retourn\u00e9 pour laisser Acosta le rattraper, puis le d\u00e9passer. Une aubaine pour le pilote KTM\u00a0?\u00a0Pas vraiment, car il n&rsquo;avait pas les moyens de s&rsquo;\u00e9chapper et a vu la Ducati #93 lui coller \u00e0 la roue jusqu&rsquo;\u00e0 le repasser avec une aisance insolente.<\/p>\n<p>\u00ab\u00a0On a une fen\u00eatre suffisante pour bien travailler\u00a0\u00bb, explique M\u00e1rquez au sujet de cette question de la pression pneumatique, qui interf\u00e8re r\u00e9guli\u00e8rement dans les courses. \u00ab\u00a0Le truc, c&rsquo;est que c&rsquo;est une comp\u00e9tition et, sur certaines pistes, les ing\u00e9nieurs essayent tout le temps d&rsquo;\u00eatre \u00e0 la limite en termes de pression parce qu&rsquo;on obtient parfois un peu plus de performance. Parfois, pas toujours, quand on augmente la pression, \u00e7a aide un peu sur d&rsquo;autres aspects.\u00a0\u00bb<\/p>\n<p><img decoding=\"async\" class=\"sizer\" draggable=\"false\" src=\"data:image\/png;base64,iVBORw0KGgoAAAANSUhEUgAAABAAAAAJCAYAAAA7KqwyAAAAGXRFWHRTb2Z0d2FyZQBBZG9iZSBJbWFnZVJlYWR5ccllPAAAABpJREFUeNpi\/P\/\/PwMlgImBQjBqwLAwACDAAOVfAw9\/ZDvcAAAAAElFTkSuQmCC\" alt=\"\" loading=\"lazy\"\/><\/p>\n<p class=\"title\">VID\u00c9O &#8211; R\u00c9SUM\u00c9 : La course sprint au GP de R\u00e9publique tch\u00e8que<\/p>\n<p>\u00ab\u00a0Aujourd&rsquo;hui, il y a eu deux choses diff\u00e9rentes\u00a0:\u00a0le fait qu&rsquo;on n&rsquo;ait pas roul\u00e9 sur le sec hier, et le nouvel asphalte qui est super bon, avec beaucoup de grip, mais qui fait qu&rsquo;on pilote diff\u00e9remment. Le grip arri\u00e8re est m\u00eame trop important, et du coup on ne peut pas forcer sur l&rsquo;avant. Donc tout cela mis ensemble a un peu compliqu\u00e9 la vie des ing\u00e9nieurs.\u00a0\u00bb<\/p>\n<p>\u00ab\u00a0Ils essayent toujours de trouver ce qu&rsquo;il y a de mieux, et j&rsquo;appr\u00e9cie cela. Ce qui serait facile pour des ing\u00e9nieurs, c&rsquo;est d&rsquo;augmenter la pression et de laisser faire le pilote, mais ils essayent toujours de nous fournir la meilleure performance. Aujourd&rsquo;hui, c&rsquo;\u00e9tait vraiment tr\u00e8s limite, on parle d&rsquo;un rien du tout, mais une fois que j&rsquo;ai pris l&rsquo;aspiration, j&rsquo;\u00e9tais d\u00e9j\u00e0 revenu dedans.\u00a0\u00bb<\/p>\n<p>Lire aussi :<\/p>\n<p>Quand a-t-il su qu&rsquo;il allait avoir un souci\u00a0?\u00a0\u00ab\u00a0Je l&rsquo;ai remarqu\u00e9 dans le quatri\u00e8me tour, j&rsquo;ai vu que la pression \u00e9tait insuffisante. Pendant un tour, j&rsquo;ai pouss\u00e9 tr\u00e8s fort sur les freins pour essayer de la faire monter, j&rsquo;ai vu que \u00e7a n&rsquo;allait pas suffire et j&rsquo;ai donc d\u00e9cid\u00e9 de couper l&rsquo;acc\u00e9l\u00e9ration et d&rsquo;attendre le deuxi\u00e8me pilote, en l&rsquo;occurrence Acosta.\u00a0\u00bb<\/p>\n<p>\u00ab\u00a0J&rsquo;ai fait confiance \u00e0 la technologie\u00a0\u00bb, poursuit le pilote espagnol, serein jusqu&rsquo;au bout. \u00ab\u00a0On a un indicateur sur le tableau de bord, avec un chiffre qui nous dit combien de tours il nous reste pour \u00eatre dans la bonne fen\u00eatre. Ici, il fallait juste faire trois tours [30% de la course, qui comptait dix tours, ndlr] et quand j&rsquo;ai vu 0, j&rsquo;ai attaqu\u00e9 Acosta.\u00a0\u00bb<\/p>\n<blockquote>\n<p>Je n&rsquo;avais pas r\u00e9alis\u00e9 que j&rsquo;\u00e9tais sous investigation, donc j&rsquo;\u00e9tais tranquille, tout allait bien.<\/p>\n<\/blockquote>\n<p>Lorsqu&rsquo;il a pass\u00e9 l&rsquo;arriv\u00e9e en vainqueur, Marc M\u00e1rquez a \u00e9t\u00e9 notifi\u00e9 qu&rsquo;il \u00e9tait sous investigation pour sa pression pneumatique, comme deux autres pilotes. Pourtant, il n&rsquo;a fallu que quelques minutes pour que le panel des commissaires indique ne pas prendre de sanction. L&rsquo;Espagnol, lui, avait d\u00e9j\u00e0 eu le temps de se dire tr\u00e8s confiant aupr\u00e8s des m\u00e9dias venus recueillir sa r\u00e9action \u00e0 chaud, certain d&rsquo;avoir fait le n\u00e9cessaire pour \u00eatre dans les clous.<\/p>\n<p>\u00ab\u00a0Je n&rsquo;avais pas r\u00e9alis\u00e9 que j&rsquo;\u00e9tais sous investigation, donc j&rsquo;\u00e9tais tranquille, tout allait bien. [Gigi Dall&rsquo;Igna] m&rsquo;a demand\u00e9\u00a0:\u00a0&lsquo;Mais tu \u00e9tais dedans ou pas\u00a0?&rsquo;. Et je lui ai dit\u00a0:\u00a0&lsquo;Oui, le tableau de bord dit que oui'\u00a0\u00bb,\u00a0raconte le pilote. On apprendrait par la suite que le signalement initial des commissaires \u00e9tait d\u00fb au fait que le syst\u00e8me d&rsquo;alerte de la direction de course \u00e9tait mal r\u00e9gl\u00e9 et qu&rsquo;il n&rsquo;y avait effectivement aucune infraction.<\/p>\n<p>   <img decoding=\"async\" draggable=\"false\" src=\"https:\/\/www.europesays.com\/fr\/wp-content\/uploads\/2025\/07\/1752961154_519_marc-marquez-ducati-team.jpg\" alt=\"Marc M\u00e1rquez (Ducati Team)\" width=\"1200\" height=\"800\" loading=\"lazy\"\/> <\/p>\n<p class=\"title\">Marc M\u00e1rquez (Ducati Team)<\/p>\n<p class=\"photographer\">Photo de: Gold and Goose Photography \/ LAT Images \/ via Getty Images<\/p>\n<p>Cette l\u00e9g\u00e8re confusion \u00e0 l&rsquo;arriv\u00e9e n&rsquo;enl\u00e8ve rien au fait que M\u00e1rquez, comme son co\u00e9quipier d&rsquo;ailleurs, a bien eu \u00e0 g\u00e9rer cet \u00e9l\u00e9ment extr\u00eamement d\u00e9licat pendant ce sprint et qu&rsquo;il s&rsquo;en sort encore une fois \u00e0 merveille. S&rsquo;il ne conteste aucunement cette r\u00e8gle\u00a0&#8211;\u00a0\u00ab\u00a0Je suis d&rsquo;accord avec cette r\u00e8gle, elle est faite pour la s\u00e9curit\u00e9\u00a0\u00bb, dit-il\u00a0-, il juge n\u00e9anmoins que la p\u00e9nalit\u00e9 pr\u00e9vue est trop lourde et influe forc\u00e9ment sur le comportement qu&rsquo;il a dans une telle situation.<\/p>\n<p>\u00ab\u00a0Pour moi, la p\u00e9nalit\u00e9 est trop lourde. Je trouve qu&rsquo;il faudrait la r\u00e9duire de moiti\u00e9\u00a0:\u00a0quatre secondes au sprint et huit dans la course longue, \u00e7a aurait plus de sens. Huit secondes au sprint et 16 dans la course longue, c&rsquo;est une p\u00e9nalit\u00e9 \u00e9norme. Il vaut mieux attendre les autres.\u00a0\u00bb<\/p>\n<p>On peut toutefois se demander si le Marc M\u00e1rquez d&rsquo;aujourd&rsquo;hui n&rsquo;avait pas suffisamment de marge pour coller neuf secondes \u00e0 ses adversaires et ainsi pouvoir encaisser la p\u00e9nalit\u00e9 \u00e0 l&rsquo;arriv\u00e9e sans que sa position en p\u00e2tisse.\u00a0Parti deuxi\u00e8me apr\u00e8s <a href=\"https:\/\/fr.motorsport.com\/motogp\/news\/marquez-chute-distraction-zarco-brno\/10743339\/\" target=\"_self\" rel=\"noopener\">sa chute en qualifications<\/a>, il avait pris les commandes d\u00e8s le premier tour, au d\u00e9triment de <a href=\"https:\/\/fr.motorsport.com\/driver\/pecco-bagnaia\/109394\/\" target=\"_blank\" rel=\"noopener\">Pecco Bagnaia<\/a>, et apparaissait tr\u00e8s sup\u00e9rieur.<\/p>\n<p>\u00ab\u00a0Ma strat\u00e9gie \u00e9tait de mener la course d\u00e8s le d\u00e9but et de trouver mon rythme parce que je m&rsquo;\u00e9tais senti super bien ce matin en EL2\u00a0\u00bb, explique-t-il.\u00a0\u00ab\u00a0Aujourd&rsquo;hui, j&rsquo;avais quelque chose en plus, je pilotais bien.\u00a0\u00bb Modeste ou r\u00e9aliste quant \u00e0 la mani\u00e8re dont il a su profiter du temps d&rsquo;essais r\u00e9duit sur piste s\u00e8che, il reste m\u00e9fiant en vue de la course principale\u00a0:\u00a0\u00ab\u00a0Le bilan est bon, mais demain, ce sera un peu plus serr\u00e9. Aujourd&rsquo;hui, c&rsquo;\u00e9tait comme vendredi. La pluie a co\u00fbt\u00e9 cher \u00e0 tout le monde, mais elle m&rsquo;a un peu aid\u00e9.\u00a0\u00bb<\/p>\n<p style=\"text-align: right;\">Avec\u00a0Oriol Puigdemont<\/p>\n<p>Lire aussi :<\/p>\n<p>Dans cet article<\/p>\n<p>Soyez le premier inform\u00e9 et souscrivez aux alertes mails pour recevoir les infos en temps r\u00e9el<\/p>\n<p>    S&rsquo;abonner aux alertes de news<\/p>\n","protected":false},"excerpt":{"rendered":"Marc M\u00e1rquez a refait le coup\u00a0!\u00a0Celui de laisser volontairement passer un adversaire en t\u00eate de la course, pour&hellip;\n","protected":false},"author":2,"featured_media":259689,"comment_status":"","ping_status":"","sticky":false,"template":"","format":"standard","meta":{"footnotes":""},"categories":[1413],"tags":[37813,4950,1011,27,37812,5038,1457,1456,1458,60],"class_list":{"0":"post-259688","1":"post","2":"type-post","3":"status-publish","4":"format-standard","5":"has-post-thumbnail","7":"category-moto","8":"tag-brno-circuit","9":"tag-ducati-team","10":"tag-fr","11":"tag-france","12":"tag-gp-de-ru00e9publique-tchu00e8que","13":"tag-marc-mu00e1rquez","14":"tag-moto","15":"tag-motocycle","16":"tag-motogp","17":"tag-sports"},"share_on_mastodon":{"url":"https:\/\/pubeurope.com\/@fr\/114882069482597736","error":""},"_links":{"self":[{"href":"https:\/\/www.europesays.com\/fr\/wp-json\/wp\/v2\/posts\/259688","targetHints":{"allow":["GET"]}}],"collection":[{"href":"https:\/\/www.europesays.com\/fr\/wp-json\/wp\/v2\/posts"}],"about":[{"href":"https:\/\/www.europesays.com\/fr\/wp-json\/wp\/v2\/types\/post"}],"author":[{"embeddable":true,"href":"https:\/\/www.europesays.com\/fr\/wp-json\/wp\/v2\/users\/2"}],"replies":[{"embeddable":true,"href":"https:\/\/www.europesays.com\/fr\/wp-json\/wp\/v2\/comments?post=259688"}],"version-history":[{"count":0,"href":"https:\/\/www.europesays.com\/fr\/wp-json\/wp\/v2\/posts\/259688\/revisions"}],"wp:featuredmedia":[{"embeddable":true,"href":"https:\/\/www.europesays.com\/fr\/wp-json\/wp\/v2\/media\/259689"}],"wp:attachment":[{"href":"https:\/\/www.europesays.com\/fr\/wp-json\/wp\/v2\/media?parent=259688"}],"wp:term":[{"taxonomy":"category","embeddable":true,"href":"https:\/\/www.europesays.com\/fr\/wp-json\/wp\/v2\/categories?post=259688"},{"taxonomy":"post_tag","embeddable":true,"href":"https:\/\/www.europesays.com\/fr\/wp-json\/wp\/v2\/tags?post=259688"}],"curies":[{"name":"wp","href":"https:\/\/api.w.org\/{rel}","templated":true}]}}