{"id":259708,"date":"2025-07-19T21:49:09","date_gmt":"2025-07-19T21:49:09","guid":{"rendered":"https:\/\/www.europesays.com\/fr\/259708\/"},"modified":"2025-07-19T21:49:09","modified_gmt":"2025-07-19T21:49:09","slug":"supermarches-hypermarches-des-baguettes-de-pain-vendues-dans-tous-les-carrefour-de-france-rappelees","status":"publish","type":"post","link":"https:\/\/www.europesays.com\/fr\/259708\/","title":{"rendered":"Supermarch\u00e9s, hypermarch\u00e9s&#8230; des baguettes de pain vendues dans tous les Carrefour de France rappel\u00e9es"},"content":{"rendered":"<p>            Par<br \/>\n        <strong><br \/>\n            <a href=\"https:\/\/actu.fr\/auteur\/redaction-actu\" title=\"Consulter tous les articles de R\u00e9daction Actu\" target=\"_blank\" rel=\"noopener\">R\u00e9daction Actu<\/a><br \/>\n        <\/strong><\/p>\n<p>        Publi\u00e9 le<\/p>\n<p>            19 juil. 2025 \u00e0 16h50        <\/p>\n<p>Vous allez probablement manger du pain lors de vos prochains repas, que vous soyez en vacances, ou simplement en week-end. Et comme beaucoup de Fran\u00e7ais, vous avez opt\u00e9 pour une baguette. Mais prenez bien garde \u00e0 celle que vous avez achet\u00e9e.<\/p>\n<p class=\" wall-content\">Le site <a href=\"https:\/\/rappel.conso.gouv.fr\/fiche-rappel\/18958\/Interne\" target=\"_blank\" rel=\"noopener\">RappelConso<\/a> fait \u00e9tat, ce vendredi 18 juillet 2025, d\u2019un <a href=\"https:\/\/actu.fr\/tag\/rappel-de-produits\" target=\"_blank\" rel=\"noopener\">rappel<\/a>\u00a0de \u00ab\u00a0pain c\u00e9r\u00e9ales\u00a0\u00bb vendu dans tous les <a href=\"https:\/\/actu.fr\/tag\/carrefour\" target=\"_blank\" rel=\"noopener\">Carrefour<\/a> de France : Hyper, Super, Proxi, e-commerce et drive. En cause, une substance allergisante non d\u00e9clar\u00e9e.\u00a0<\/p>\n<p>Du s\u00e9same \u00ab\u00a0non \u00e9tiquet\u00e9\u00a0\u00bb<\/p>\n<p class=\" wall-content\">Dans le d\u00e9tail, il s\u2019agit du \u00ab\u00a0pain c\u00e9r\u00e9ales Carrefour Le march\u00e9 300g\u00a0\u00bb, vendu sous les r\u00e9f\u00e9rences suivantes :\u00a0<\/p>\n<ul class=\" wall-content\">\n<li>Code-barres : 3511241350108<\/li>\n<li>Lot : vendu du 11\/07\/25 au 17\/07\/25<\/li>\n<\/ul>\n<p class=\" wall-content\">RappelConso indique qu\u2019un allerg\u00e8ne, du s\u00e9same, est \u00ab\u00a0non \u00e9tiquet\u00e9\u00a0\u00bb. Cela peut donc poser probl\u00e8me \u00e0 ceux qui sont allergiques \u00e0 cette graine et ses d\u00e9riv\u00e9s (comme l\u2019huile).\u00a0<\/p>\n<p>Vid\u00e9os : en ce moment sur ActuProc\u00e9dure de remboursement<\/p>\n<p class=\" wall-content\">Si vous avez achet\u00e9 ce produit, vous \u00eates invit\u00e9 \u00e0 ne pas le consommer, le d\u00e9truire, ou le rapporter au point de vente pour un remboursement. Le service client est accessible \u00e0 ce num\u00e9ro : 0805 908 070.\u00a0<\/p>\n<p class=\" wall-content\">Suivez toute l\u2019actualit\u00e9 de vos villes et m\u00e9dias favoris en vous inscrivant \u00e0 <a href=\"https:\/\/moncompte.actu.fr\" title=\"D\u00e9couvez Mon Actu\" rel=\"nofollow noopener\" data-trk=\"{&quot;cta&quot;:{&quot;action&quot;:&quot;https:\\\/\\\/moncompte.actu.fr&quot;,&quot;category&quot;:&quot;mon compte&quot;,&quot;from&quot;:&quot;article footer&quot;,&quot;name&quot;:&quot;Mon actu&quot;,&quot;type&quot;:&quot;cta&quot;}}\" target=\"_blank\">Mon Actu<\/a>.<\/p>\n<ul class=\"ac-article-tag wall-content\">\n<li><a href=\"https:\/\/actu.fr\/tag\/carrefour\" data-trk=\"{&quot;cta&quot;:{&quot;action&quot;:&quot;Carrefour&quot;,&quot;category&quot;:&quot;tag&quot;,&quot;from&quot;:&quot;article footer&quot;,&quot;name&quot;:&quot;Carrefour&quot;,&quot;type&quot;:&quot;cta&quot;}}\" target=\"_blank\" rel=\"noopener\">#Carrefour<\/a><\/li>\n<li><a href=\"https:\/\/actu.fr\/tag\/rappel-de-produits\" data-trk=\"{&quot;cta&quot;:{&quot;action&quot;:&quot;Rappel de produits&quot;,&quot;category&quot;:&quot;tag&quot;,&quot;from&quot;:&quot;article footer&quot;,&quot;name&quot;:&quot;Rappel de produits&quot;,&quot;type&quot;:&quot;cta&quot;}}\" target=\"_blank\" rel=\"noopener\">#Rappel de produits<\/a><\/li>\n<\/ul>\n","protected":false},"excerpt":{"rendered":"Par R\u00e9daction Actu Publi\u00e9 le 19 juil. 2025 \u00e0 16h50 Vous allez probablement manger du pain lors de&hellip;\n","protected":false},"author":2,"featured_media":259709,"comment_status":"","ping_status":"","sticky":false,"template":"","format":"standard","meta":{"footnotes":""},"categories":[10],"tags":[4304,33,1011,27,72,1720,71],"class_list":{"0":"post-259708","1":"post","2":"type-post","3":"status-publish","4":"format-standard","5":"has-post-thumbnail","7":"category-sante","8":"tag-carrefour","9":"tag-economie","10":"tag-fr","11":"tag-france","12":"tag-health","13":"tag-rappel-de-produits","14":"tag-sante"},"share_on_mastodon":{"url":"https:\/\/pubeurope.com\/@fr\/114882108711317265","error":""},"_links":{"self":[{"href":"https:\/\/www.europesays.com\/fr\/wp-json\/wp\/v2\/posts\/259708","targetHints":{"allow":["GET"]}}],"collection":[{"href":"https:\/\/www.europesays.com\/fr\/wp-json\/wp\/v2\/posts"}],"about":[{"href":"https:\/\/www.europesays.com\/fr\/wp-json\/wp\/v2\/types\/post"}],"author":[{"embeddable":true,"href":"https:\/\/www.europesays.com\/fr\/wp-json\/wp\/v2\/users\/2"}],"replies":[{"embeddable":true,"href":"https:\/\/www.europesays.com\/fr\/wp-json\/wp\/v2\/comments?post=259708"}],"version-history":[{"count":0,"href":"https:\/\/www.europesays.com\/fr\/wp-json\/wp\/v2\/posts\/259708\/revisions"}],"wp:featuredmedia":[{"embeddable":true,"href":"https:\/\/www.europesays.com\/fr\/wp-json\/wp\/v2\/media\/259709"}],"wp:attachment":[{"href":"https:\/\/www.europesays.com\/fr\/wp-json\/wp\/v2\/media?parent=259708"}],"wp:term":[{"taxonomy":"category","embeddable":true,"href":"https:\/\/www.europesays.com\/fr\/wp-json\/wp\/v2\/categories?post=259708"},{"taxonomy":"post_tag","embeddable":true,"href":"https:\/\/www.europesays.com\/fr\/wp-json\/wp\/v2\/tags?post=259708"}],"curies":[{"name":"wp","href":"https:\/\/api.w.org\/{rel}","templated":true}]}}