{"id":259714,"date":"2025-07-19T21:52:10","date_gmt":"2025-07-19T21:52:10","guid":{"rendered":"https:\/\/www.europesays.com\/fr\/259714\/"},"modified":"2025-07-19T21:52:10","modified_gmt":"2025-07-19T21:52:10","slug":"la-premiere-detection-revolutionnaire-de-gaia","status":"publish","type":"post","link":"https:\/\/www.europesays.com\/fr\/259714\/","title":{"rendered":"la premi\u00e8re d\u00e9tection r\u00e9volutionnaire de Gaia"},"content":{"rendered":"<p class=\"whitespace-normal break-words\"><strong>Dans les<br \/>\nprofondeurs de l\u2019espace, \u00e0 280 ann\u00e9es-lumi\u00e8re de la Terre, une<br \/>\nd\u00e9couverte extraordinaire vient de bouleverser notre compr\u00e9hension<br \/>\nde la formation plan\u00e9taire. Pour la premi\u00e8re fois, le t\u00e9lescope<br \/>\nspatial Gaia a r\u00e9ussi \u00e0 d\u00e9busquer une plan\u00e8te g\u00e9ante cach\u00e9e au c\u0153ur<br \/>\nd\u2019un <a href=\"https:\/\/sciencepost.fr\/le-telescope-james-webb-devoile-un-disque-protoplanetaire-en-pleine-evolution\/\" target=\"_blank\" rel=\"noopener nofollow\">disque protoplan\u00e9taire<\/a>, ce<br \/>\nlaboratoire cosmique o\u00f9 naissent les mondes.<\/strong><\/p>\n<p>Un g\u00e9ant<br \/>\ninvisible dans la pouponni\u00e8re stellaire<\/p>\n<p class=\"whitespace-normal break-words\">L\u2019\u00e9toile MP Mus, \u00e2g\u00e9e de<br \/>\nseulement 13 millions d\u2019ann\u00e9es \u2013 un nouveau-n\u00e9 \u00e0 l\u2019\u00e9chelle cosmique<br \/>\n\u2013 semblait pourtant bien ordinaire. Son disque protoplan\u00e9taire, ce<br \/>\ntourbillon de gaz et de poussi\u00e8re qui l\u2019entoure, paraissait<br \/>\nd\u00e9sesp\u00e9r\u00e9ment lisse et uniforme lors des premi\u00e8res observations.<br \/>\nAucune trace des sillons caract\u00e9ristiques que creusent<br \/>\nhabituellement les plan\u00e8tes en formation, comme les rainures d\u2019un<br \/>\ndisque vinyle g\u00e9ant.<\/p>\n<p class=\"whitespace-normal break-words\">\u00ab\u00a0Nous avons<br \/>\nobserv\u00e9 un disque plat et ennuyeux\u00ab\u00a0, confie \u00c1lvaro<br \/>\nRibas, astronome \u00e0 l\u2019Institut d\u2019astronomie de Cambridge qui<br \/>\ndirigeait l\u2019\u00e9quipe de recherche. Cette apparente monotonie<br \/>\nintriguait les scientifiques : comment un disque \u00e2g\u00e9 de 7 \u00e0 10<br \/>\nmillions d\u2019ann\u00e9es pouvait-il \u00eatre d\u00e9pourvu de tout signe de<br \/>\nformation plan\u00e9taire ?<\/p>\n<p>L\u2019art de<br \/>\nvoir l\u2019invisible<\/p>\n<p class=\"whitespace-normal break-words\">La r\u00e9ponse r\u00e9sidait dans<br \/>\nune approche innovante combinant deux techniques d\u2019observation<br \/>\ncompl\u00e9mentaires. D\u2019un c\u00f4t\u00e9, l\u2019Atacama Large<br \/>\nMillimeter\/submillimeter Array (ALMA) au Chili, utilis\u00e9 cette fois<br \/>\navec des longueurs d\u2019onde plus longues pour sonder plus<br \/>\nprofond\u00e9ment le disque. De l\u2019autre, la mission Gaia de l\u2019Agence<br \/>\nspatiale europ\u00e9enne, sp\u00e9cialis\u00e9e dans la mesure ultra-pr\u00e9cise des<br \/>\nmouvements stellaires.<\/p>\n<p class=\"whitespace-normal break-words\">Cette strat\u00e9gie r\u00e9v\u00e9la<br \/>\nrapidement ses fruits. Les nouvelles observations d\u2019ALMA<br \/>\nd\u00e9voil\u00e8rent ce que les pr\u00e9c\u00e9dentes avaient manqu\u00e9 : une cavit\u00e9<br \/>\nproche de l\u2019\u00e9toile et deux \u00ab\u00a0trous\u00a0\u00bb plus \u00e9loign\u00e9s,<br \/>\nautant d\u2019indices de la pr\u00e9sence d\u2019un compagnon plan\u00e9taire.<br \/>\nParall\u00e8lement, Miguel Vioque, chercheur \u00e0 l\u2019Observatoire europ\u00e9en<br \/>\naustral, d\u00e9tectait quelque chose d\u2019encore plus r\u00e9v\u00e9lateur gr\u00e2ce \u00e0<br \/>\nGaia : l\u2019\u00e9toile \u00ab\u00a0vacillait\u00a0\u00bb.<\/p>\n<p>Le<br \/>\nvacillement r\u00e9v\u00e9lateur<\/p>\n<p class=\"whitespace-normal break-words\">Ce l\u00e9ger balancement de MP<br \/>\nMus n\u2019\u00e9tait pas anodin. Il trahissait l\u2019influence gravitationnelle<br \/>\nd\u2019un objet massif en orbite autour de l\u2019\u00e9toile. \u00ab\u00a0Ma<br \/>\npremi\u00e8re r\u00e9action a \u00e9t\u00e9 de penser que j\u2019avais d\u00fb faire une erreur<br \/>\nde calcul\u00ab\u00a0, avoue Vioque, tant cette d\u00e9couverte semblait<br \/>\ncontredire l\u2019image d\u2019un disque vide. Mais la corr\u00e9lation entre les<br \/>\nnouvelles donn\u00e9es d\u2019ALMA et les mesures de Gaia ne laissait place \u00e0<br \/>\naucun doute.<\/p>\n<p class=\"whitespace-normal break-words\">Les mod\u00e9lisations<br \/>\ninformatiques confirment d\u00e9sormais l\u2019existence d\u2019une plan\u00e8te g\u00e9ante<br \/>\ngazeuse dont la masse oscillerait entre trois et dix fois celle de<br \/>\nJupiter. Ce mastodonte cosmique \u00e9volue sur une orbite situ\u00e9e entre<br \/>\nune et trois fois la distance Terre-Soleil, sculpte le disque<br \/>\nprotoplan\u00e9taire et influence directement le mouvement de son \u00e9toile<br \/>\nh\u00f4te.<\/p>\n<p><img loading=\"lazy\" data-lazyloaded=\"1\" decoding=\"async\" class=\"size-full wp-image-313585\" src=\"https:\/\/www.europesays.com\/fr\/wp-content\/uploads\/2025\/07\/ZhGrP9z5WxALtsYPADkC3h-970-80.jpg\" alt=\"plan\u00e8te exoplan\u00e8te\" width=\"700\" height=\"350\"  data-\/><br \/>\nLe disque protoplan\u00e9taire de la jeune \u00e9toile MP Mus vu par ALMA<br \/>\navec des structures annulaires qui r\u00e9v\u00e8lent une exoplan\u00e8te monstre<br \/>\ncach\u00e9e. Cr\u00e9dit image : ALMA(ESO\/NAOJ\/NRAO)\/A. Ribas et<br \/>\nal.Une<br \/>\npremi\u00e8re historique aux implications majeures<\/p>\n<p class=\"whitespace-normal break-words\">Cette d\u00e9couverte,<br \/>\nrapport\u00e9e dans <a class=\"hawk-link-parsed\" href=\"https:\/\/eur03.safelinks.protection.outlook.com\/?url=https%3A%2F%2Fwww.nature.com%2Farticles%2Fs41550-025-02576-w&amp;data=05%7C02%7CFred.Lewsey%40admin.cam.ac.uk%7Cef1c65e8aa0e461c7d7108ddbb0d7dce%7C49a50445bdfa4b79ade3547b4f3986e9%7C1%7C0%7C638872388799534887%7CUnknown%7CTWFpbGZsb3d8eyJFbXB0eU1hcGkiOnRydWUsIlYiOiIwLjAuMDAwMCIsIlAiOiJXaW4zMiIsIkFOIjoiTWFpbCIsIldUIjoyfQ%3D%3D%7C0%7C%7C%7C&amp;sdata=8QfiZ0lWOFkDAZDZ3tnYg0Ns3JBOQ3mspuS54CIH9xA%3D&amp;reserved=0\" target=\"_blank\" rel=\"noopener nofollow\" data-analytics-id=\"inline-link\" data-url=\"https:\/\/eur03.safelinks.protection.outlook.com\/?url=https%3A%2F%2Fwww.nature.com%2Farticles%2Fs41550-025-02576-w&amp;data=05%7C02%7CFred.Lewsey%40admin.cam.ac.uk%7Cef1c65e8aa0e461c7d7108ddbb0d7dce%7C49a50445bdfa4b79ade3547b4f3986e9%7C1%7C0%7C638872388799534887%7CUnknown%7CTWFpbGZsb3d8eyJFbXB0eU1hcGkiOnRydWUsIlYiOiIwLjAuMDAwMCIsIlAiOiJXaW4zMiIsIkFOIjoiTWFpbCIsIldUIjoyfQ%3D%3D%7C0%7C%7C%7C&amp;sdata=8QfiZ0lWOFkDAZDZ3tnYg0Ns3JBOQ3mspuS54CIH9xA%3D&amp;reserved=0\" data-hl-processed=\"none\" data-custom-tracking-id=\"6382185317401064866\" data-hawk-tracked=\"hawklinks\" data-google-interstitial=\"false\" data-label=\"Nature Astronomy.\">Nature Astronomy,<\/a> marque plusieurs<br \/>\npremi\u00e8res dans l\u2019histoire de l\u2019astronomie. Non seulement il s\u2019agit<br \/>\nde la premi\u00e8re exoplan\u00e8te d\u00e9tect\u00e9e par Gaia dans un disque<br \/>\nprotoplan\u00e9taire, mais c\u2019est aussi la premi\u00e8re fois qu\u2019une plan\u00e8te<br \/>\nen formation est d\u00e9couverte indirectement en combinant des donn\u00e9es<br \/>\nde mouvement stellaire avec des observations approfondies du disque<br \/>\nenvironnant.<\/p>\n<p class=\"whitespace-normal break-words\">Jusqu\u2019\u00e0 pr\u00e9sent, les<br \/>\nastronomes n\u2019avaient r\u00e9ussi \u00e0 identifier que trois plan\u00e8tes solides<br \/>\nau sein de disques protoplan\u00e9taires. Les interf\u00e9rences caus\u00e9es par<br \/>\nle gaz et la poussi\u00e8re rendaient ces d\u00e9tections particuli\u00e8rement<br \/>\nardues. La m\u00e9thode d\u00e9velopp\u00e9e par l\u2019\u00e9quipe de Ribas pourrait bien<br \/>\nchanger la donne.<\/p>\n<p>Vers une<br \/>\nnouvelle \u00e8re de d\u00e9couvertes<\/p>\n<p class=\"whitespace-normal break-words\">Les implications de cette<br \/>\navanc\u00e9e d\u00e9passent largement le cas de MP Mus. Cette technique<br \/>\nhybride pourrait r\u00e9v\u00e9ler une population enti\u00e8re de jeunes<br \/>\nexoplan\u00e8tes jusqu\u2019ici invisibles, cach\u00e9es dans les disques<br \/>\nprotoplan\u00e9taires de notre galaxie. \u00ab\u00a0Nous pensons que cela<br \/>\npourrait \u00eatre l\u2019une des raisons pour lesquelles il est difficile de<br \/>\nd\u00e9tecter de jeunes plan\u00e8tes\u00a0\u00bb, explique Ribas.<\/p>\n<p class=\"whitespace-normal break-words\">Plus fascinant encore,<br \/>\ncette d\u00e9couverte pourrait nous aider \u00e0 comprendre les m\u00e9canismes<br \/>\nqui ont pr\u00e9sid\u00e9 \u00e0 la formation de notre propre syst\u00e8me solaire il y<br \/>\na 4,5 milliards d\u2019ann\u00e9es. En observant des plan\u00e8tes en cours de<br \/>\nformation, les astronomes esp\u00e8rent reconstituer le puzzle complexe<br \/>\nde notre gen\u00e8se cosmique.<\/p>\n<p class=\"whitespace-normal break-words\">Avec les futures<br \/>\nam\u00e9liorations d\u2019ALMA et l\u2019arriv\u00e9e de nouveaux t\u00e9lescopes, nous nous<br \/>\nappr\u00eatons peut-\u00eatre \u00e0 entrer dans une nouvelle \u00e8re de d\u00e9couvertes<br \/>\nplan\u00e9taires, o\u00f9 les secrets de la formation des mondes se<br \/>\nd\u00e9voileront enfin.<\/p>\n","protected":false},"excerpt":{"rendered":"Dans les profondeurs de l\u2019espace, \u00e0 280 ann\u00e9es-lumi\u00e8re de la Terre, une d\u00e9couverte extraordinaire vient de bouleverser notre&hellip;\n","protected":false},"author":2,"featured_media":259715,"comment_status":"","ping_status":"","sticky":false,"template":"","format":"standard","meta":{"footnotes":""},"categories":[7],"tags":[1011,27,43,40,41,39,42,44],"class_list":{"0":"post-259714","1":"post","2":"type-post","3":"status-publish","4":"format-standard","5":"has-post-thumbnail","7":"category-sciences-et-technologies","8":"tag-fr","9":"tag-france","10":"tag-science","11":"tag-science-and-technology","12":"tag-sciences","13":"tag-sciences-et-technologies","14":"tag-technologies","15":"tag-technology"},"share_on_mastodon":{"url":"https:\/\/pubeurope.com\/@fr\/114882120534062959","error":""},"_links":{"self":[{"href":"https:\/\/www.europesays.com\/fr\/wp-json\/wp\/v2\/posts\/259714","targetHints":{"allow":["GET"]}}],"collection":[{"href":"https:\/\/www.europesays.com\/fr\/wp-json\/wp\/v2\/posts"}],"about":[{"href":"https:\/\/www.europesays.com\/fr\/wp-json\/wp\/v2\/types\/post"}],"author":[{"embeddable":true,"href":"https:\/\/www.europesays.com\/fr\/wp-json\/wp\/v2\/users\/2"}],"replies":[{"embeddable":true,"href":"https:\/\/www.europesays.com\/fr\/wp-json\/wp\/v2\/comments?post=259714"}],"version-history":[{"count":0,"href":"https:\/\/www.europesays.com\/fr\/wp-json\/wp\/v2\/posts\/259714\/revisions"}],"wp:featuredmedia":[{"embeddable":true,"href":"https:\/\/www.europesays.com\/fr\/wp-json\/wp\/v2\/media\/259715"}],"wp:attachment":[{"href":"https:\/\/www.europesays.com\/fr\/wp-json\/wp\/v2\/media?parent=259714"}],"wp:term":[{"taxonomy":"category","embeddable":true,"href":"https:\/\/www.europesays.com\/fr\/wp-json\/wp\/v2\/categories?post=259714"},{"taxonomy":"post_tag","embeddable":true,"href":"https:\/\/www.europesays.com\/fr\/wp-json\/wp\/v2\/tags?post=259714"}],"curies":[{"name":"wp","href":"https:\/\/api.w.org\/{rel}","templated":true}]}}