{"id":259724,"date":"2025-07-19T21:57:29","date_gmt":"2025-07-19T21:57:29","guid":{"rendered":"https:\/\/www.europesays.com\/fr\/259724\/"},"modified":"2025-07-19T21:57:29","modified_gmt":"2025-07-19T21:57:29","slug":"roche-la-moliere-toile-de-fond-dun-polar-de-philippe-fouillouse-le-vieil-homme-et-la-mine","status":"publish","type":"post","link":"https:\/\/www.europesays.com\/fr\/259724\/","title":{"rendered":"Roche-la-Moli\u00e8re, toile de fond d&rsquo;un polar de Philippe Fouillouse \u00ab\u00a0Le Vieil Homme et la mine\u00a0\u00bb"},"content":{"rendered":"<p>\t\t\t\t\t\t\t\t\t\t\t\t\t\t\t\t\t\t\t\t\t\t\t\t\t\t\t\t\t\t\t\t\t\t\t\t\t\t\t\t\t\t\t\t\t\t\t\t\t\t\t\t\t\t\t\t\t\t\t\t\t\t\t<a href=\"https:\/\/www.lacommere43.fr\/component\/banners\/click\/1701.html\" target=\"_blank\" title=\"Durand Charles Laradev carr\u00e9\" rel=\"noopener\"><br \/>\n\t\t\t\t\t\t\t<img decoding=\"async\" src=\"https:\/\/www.europesays.com\/fr\/wp-content\/uploads\/2025\/05\/05264e5f-f9b0-4af5-8f46-d08bf3dcc47e2.jpg\" alt=\"Durand Charles Laradev carr\u00e9\"\/><br \/>\n\t\t\t\t\t\t<\/a><\/p>\n<p><strong>Apr\u00e8s \u00ab\u00a0Une goutte de sang dans l\u2019oc\u00e9an\u00a0\u00bb, \u00ab\u00a0La jeune fille oubli\u00e9e\u00a0\u00bb,<a href=\"https:\/\/www.lacommere43.fr\/loisirs\/item\/52157-un-polar-de-philippe-fouillouse-pour-bousculer-nos-certitudes.html\" target=\"_blank\" rel=\"noopener\"> \u00ab\u00a0Code Livingstone\u00a0\u00bb<\/a>, <a href=\"https:\/\/www.lacommere43.fr\/loisirs\/item\/64099-parution-les-reves-d-un-chat-sont-peuples-de-souris-de-philippe-fouillouse.html\" target=\"_blank\" rel=\"noopener\">\u00ab\u00a0Les r\u00eaves d&rsquo;un chat sont peupl\u00e9s de souris\u00a0\u00bb<\/a>, voici \u00ab\u00a0Le Vieil Homme et la mine\u00a0\u00bb, pour nourrir vos cauchemars estivaux&#8230; sous la plume sans concession de Philippe Fouillouse<\/strong>.<\/p>\n<p>Il s&rsquo;agit l\u00e0 du 5e roman de Philippe Fouillouse, n\u00e9 d&rsquo;une imagination toujours aussi d\u00e9bordante bien s\u00fbr et \u00e9tay\u00e9 d&rsquo;un an de recherches et d&rsquo;interviews de mineurs de fond pour cet efficace suspense ins\u00e9r\u00e9 dans le d\u00e9cor de la vall\u00e9e de l&rsquo;Ondaine, au c\u0153ur du bassin minier st\u00e9phanois.<\/p>\n<p><strong>Un marqueur fort du territoire<\/strong><\/p>\n<p>Longtemps synonyme de prosp\u00e9rit\u00e9, de fraternit\u00e9 ouvri\u00e8re tiss\u00e9e sur les drames du travail, de m\u00e9tissage culturel nou\u00e9 au fil des strates d&rsquo;immigration, ce pass\u00e9 industriel glorieux, d\u00e9sormais rang\u00e9 au mus\u00e9e, reste un marqueur fort du territoire.<\/p>\n<p><strong>Pr\u00eat \u00e0 descendre au fond de la mine ?<\/strong><\/p>\n<p>Avec ce nouveau polar, sur ce terreau minier, Philippe Fouillouse plonge son lecteur dans les m\u00e9andres d&rsquo;une intrigue impr\u00e9visible. Et bien s\u00fbr, le lecteur en apn\u00e9e, vaguement naus\u00e9eux aussi face \u00e0 une esp\u00e8ce humaine aux ressources malsaines innombrables, d\u00e9couvrira la v\u00e9rit\u00e9 dans les toutes derni\u00e8res pages.<\/p>\n<p>L&rsquo;invitation est lanc\u00e9e : \u00ab\u00a0\u00cates-vous pr\u00eat \u00e0 descendre au fond de la mine ?\u00a0\u00bb Un conseil, prenez une grande respiration, calez-vous dans un environnement apaisant, car la descente est infernale !<\/p>\n<p><strong>Il peut \u00eatre dangereux de remuer le pass\u00e9<\/strong><\/p>\n<p>Pour les fun\u00e9railles de sa m\u00e8re, Marta, c\u00e9l\u00e8bre journaliste parisienne, revient sur les terres de son enfance \u00e0 Roche-la-Moli\u00e8re et d\u00e9cide d\u2019enqu\u00eater sur la disparition de la fille d\u2019un vieux mineur survenue 50 ans en arri\u00e8re. L\u2019affaire aurait-elle un rapport avec ce p\u00e9dophile surnomm\u00e9 \u00ab l\u2019ogre du Forez \u00bb, aujourd\u2019hui sous les verrous ? Ou aurait-elle un lien avec cette myst\u00e9rieuse mine que les autorit\u00e9s s\u2019\u00e9taient empress\u00e9es de fermer \u00e0 l\u2019\u00e9poque ? On avait \u00e9voqu\u00e9 sa dangerosit\u00e9, mais aussi l\u2019existence d\u2019une b\u00eate \u00e0 l\u2019int\u00e9rieur\u2026 Comme a averti le vieux mineur : \u00ab Il peut \u00eatre dangereux de remuer le pass\u00e9\u2026 \u00bb Mais il en faut plus pour dissuader Marta !<\/p>\n<p>Prix : 20 euros<\/p>\n<p><strong>O\u00f9 acheter le livre ?<\/strong><\/p>\n<p><strong>En Haute-Loire<\/strong><\/p>\n<p>Tabac-Presse de Riotord chez Ana\u00efs<\/p>\n<p>Tabac-Presse \u00ab Le Viaduc \u00bb de Duni\u00e8res 3 rue du 19 mars 1962<\/p>\n<p><strong>Dans la Loire<\/strong><\/p>\n<p>Au Fil des pages rue Gambetta \u00e0 Roche-la-Moli\u00e8re<\/p>\n<p>Intermarch\u00e9 Roche-la-Moli\u00e8re<\/p>\n<p>Centre Leclerc Firminy et Andr\u00e9zieux<\/p>\n<p>Auchan Villars<\/p>\n<p>FNAC Monthieu Saint-Etienne<\/p>\n<p>Forum rue Michel-Rondet Saint-Etienne<\/p>\n<p>Librairie de Paris rue Michel-Rondet Saint-Etienne<\/p>\n","protected":false},"excerpt":{"rendered":"Apr\u00e8s \u00ab\u00a0Une goutte de sang dans l\u2019oc\u00e9an\u00a0\u00bb, \u00ab\u00a0La jeune fille oubli\u00e9e\u00a0\u00bb, \u00ab\u00a0Code Livingstone\u00a0\u00bb, \u00ab\u00a0Les r\u00eaves d&rsquo;un chat sont&hellip;\n","protected":false},"author":2,"featured_media":259725,"comment_status":"","ping_status":"","sticky":false,"template":"","format":"standard","meta":{"footnotes":""},"categories":[9653],"tags":[1111,2281,11,2430,1777,674,2282,1011,27,2280,2284,2285,2283,12,25,4001],"class_list":{"0":"post-259724","1":"post","2":"type-post","3":"status-publish","4":"format-standard","5":"has-post-thumbnail","7":"category-saint-etienne","8":"tag-actu","9":"tag-actualite-43","10":"tag-actualites","11":"tag-auvergne-rhone-alpes","12":"tag-eu","13":"tag-europe","14":"tag-faits-divers-auvergne","15":"tag-fr","16":"tag-france","17":"tag-information-haute-loire","18":"tag-infos-43","19":"tag-journal-haute-loire","20":"tag-la-commere-43","21":"tag-news","22":"tag-republique-francaise","23":"tag-saint-etienne"},"share_on_mastodon":{"url":"https:\/\/pubeurope.com\/@fr\/114882140130207258","error":""},"_links":{"self":[{"href":"https:\/\/www.europesays.com\/fr\/wp-json\/wp\/v2\/posts\/259724","targetHints":{"allow":["GET"]}}],"collection":[{"href":"https:\/\/www.europesays.com\/fr\/wp-json\/wp\/v2\/posts"}],"about":[{"href":"https:\/\/www.europesays.com\/fr\/wp-json\/wp\/v2\/types\/post"}],"author":[{"embeddable":true,"href":"https:\/\/www.europesays.com\/fr\/wp-json\/wp\/v2\/users\/2"}],"replies":[{"embeddable":true,"href":"https:\/\/www.europesays.com\/fr\/wp-json\/wp\/v2\/comments?post=259724"}],"version-history":[{"count":0,"href":"https:\/\/www.europesays.com\/fr\/wp-json\/wp\/v2\/posts\/259724\/revisions"}],"wp:featuredmedia":[{"embeddable":true,"href":"https:\/\/www.europesays.com\/fr\/wp-json\/wp\/v2\/media\/259725"}],"wp:attachment":[{"href":"https:\/\/www.europesays.com\/fr\/wp-json\/wp\/v2\/media?parent=259724"}],"wp:term":[{"taxonomy":"category","embeddable":true,"href":"https:\/\/www.europesays.com\/fr\/wp-json\/wp\/v2\/categories?post=259724"},{"taxonomy":"post_tag","embeddable":true,"href":"https:\/\/www.europesays.com\/fr\/wp-json\/wp\/v2\/tags?post=259724"}],"curies":[{"name":"wp","href":"https:\/\/api.w.org\/{rel}","templated":true}]}}