{"id":259732,"date":"2025-07-19T22:02:11","date_gmt":"2025-07-19T22:02:11","guid":{"rendered":"https:\/\/www.europesays.com\/fr\/259732\/"},"modified":"2025-07-19T22:02:11","modified_gmt":"2025-07-19T22:02:11","slug":"toulon-sape-comme-jamais-pour-le-concert-a-guichets-fermes-de-gims","status":"publish","type":"post","link":"https:\/\/www.europesays.com\/fr\/259732\/","title":{"rendered":"Toulon \u00ab\u00a0sap\u00e9 comme jamais\u00a0\u00bb pour le concert \u00e0 guichets ferm\u00e9s de Gims"},"content":{"rendered":"<p>D\u00e8s le milieu de l\u2019apr\u00e8s-midi, ce samedi, ils \u00e9taient des centaines \u00e0 se masser devant les grilles du Z\u00e9nith de Toulon.<\/p>\n<p>La raison? Apr\u00e8s Michel Polnareff la semaine pass\u00e9e, le festival Le Son by Toulon accueillait cette fois Gims.<\/p>\n<p>Un concert \u00e0 guichets ferm\u00e9s, avec 10.500 fans rassembl\u00e9s sur le parvis du Z\u00e9nith, toutes g\u00e9n\u00e9rations confondues. C\u2019est l\u2019une des forces du rappeur : il touche aussi bien les plus jeunes (et, par ricochet, leurs parents, voire leurs grands-parents), les ados que les jeunes adultes.<\/p>\n<p>Apr\u00e8s une premi\u00e8re partie assur\u00e9e par la Ni\u00e7oise Lynh, le ma\u00eetre d\u00e9barquait au son de \u00ab\u00a0Sap\u00e9 comme jamais\u00a0\u00bb, avec un casque noir futuriste sur les yeux, \u00e0 grand renfort de flammes sur sc\u00e8ne. De quoi enivrer un public d\u00e9j\u00e0 incandescent. Il a ensuite promis un \u00ab\u00a0voyage dans le temps\u00a0\u00bb et a repris \u00ab\u00a0Bella\u00a0\u00bb ainsi que des morceaux de Sexion d\u2019Assaut, son premier groupe.<\/p>\n<p>Gims n\u2019a pas h\u00e9sit\u00e9 \u00e0 \u00e9changer avec son public entre chaque tube. Lui qui avait annonc\u00e9 qu\u2019il s\u2019agissait de sa derni\u00e8re tourn\u00e9e a offert aux Toulonnais des souvenirs imp\u00e9rissables. Ils pourront dire: \u00ab\u00a0J\u2019y \u00e9tais.\u00a0\u00bb<\/p>\n<p>              <img ci-src=\"https:\/\/www.varmatin.com\/concerts\/VARPQRXXQ2688_VLP_MAI+%2839513653%29-IaUPO6bp.jpg?vh=d9c402&amp;ci_seal=629d054773\" alt=\"\"\/><br \/>\n        Gims n\u2019a pas h\u00e9sit\u00e9 \u00e0 \u00e9changer avec son public entre chaque tube. <strong>Photo VLP.<\/strong> <\/p>\n","protected":false},"excerpt":{"rendered":"D\u00e8s le milieu de l\u2019apr\u00e8s-midi, ce samedi, ils \u00e9taient des centaines \u00e0 se masser devant les grilles du&hellip;\n","protected":false},"author":2,"featured_media":259733,"comment_status":"","ping_status":"","sticky":false,"template":"","format":"standard","meta":{"footnotes":""},"categories":[9619],"tags":[1111,11,4156,251,1777,674,1011,27,12,882,25,2310],"class_list":{"0":"post-259732","1":"post","2":"type-post","3":"status-publish","4":"format-standard","5":"has-post-thumbnail","7":"category-toulon","8":"tag-actu","9":"tag-actualites","10":"tag-concerts","11":"tag-culture","12":"tag-eu","13":"tag-europe","14":"tag-fr","15":"tag-france","16":"tag-news","17":"tag-provence-alpes-cote-dazur","18":"tag-republique-francaise","19":"tag-toulon"},"share_on_mastodon":{"url":"https:\/\/pubeurope.com\/@fr\/114882159723993892","error":""},"_links":{"self":[{"href":"https:\/\/www.europesays.com\/fr\/wp-json\/wp\/v2\/posts\/259732","targetHints":{"allow":["GET"]}}],"collection":[{"href":"https:\/\/www.europesays.com\/fr\/wp-json\/wp\/v2\/posts"}],"about":[{"href":"https:\/\/www.europesays.com\/fr\/wp-json\/wp\/v2\/types\/post"}],"author":[{"embeddable":true,"href":"https:\/\/www.europesays.com\/fr\/wp-json\/wp\/v2\/users\/2"}],"replies":[{"embeddable":true,"href":"https:\/\/www.europesays.com\/fr\/wp-json\/wp\/v2\/comments?post=259732"}],"version-history":[{"count":0,"href":"https:\/\/www.europesays.com\/fr\/wp-json\/wp\/v2\/posts\/259732\/revisions"}],"wp:featuredmedia":[{"embeddable":true,"href":"https:\/\/www.europesays.com\/fr\/wp-json\/wp\/v2\/media\/259733"}],"wp:attachment":[{"href":"https:\/\/www.europesays.com\/fr\/wp-json\/wp\/v2\/media?parent=259732"}],"wp:term":[{"taxonomy":"category","embeddable":true,"href":"https:\/\/www.europesays.com\/fr\/wp-json\/wp\/v2\/categories?post=259732"},{"taxonomy":"post_tag","embeddable":true,"href":"https:\/\/www.europesays.com\/fr\/wp-json\/wp\/v2\/tags?post=259732"}],"curies":[{"name":"wp","href":"https:\/\/api.w.org\/{rel}","templated":true}]}}