{"id":259746,"date":"2025-07-19T22:14:12","date_gmt":"2025-07-19T22:14:12","guid":{"rendered":"https:\/\/www.europesays.com\/fr\/259746\/"},"modified":"2025-07-19T22:14:12","modified_gmt":"2025-07-19T22:14:12","slug":"les-auteurs-de-grands-exces-de-vitesse-sur-la-promenade-des-anglais-systematiquement-places-en-garde-a-vue","status":"publish","type":"post","link":"https:\/\/www.europesays.com\/fr\/259746\/","title":{"rendered":"Les auteurs de grands exc\u00e8s de vitesse sur la Promenade des Anglais \u00ab\u00a0syst\u00e9matiquement\u00a0\u00bb plac\u00e9s en garde \u00e0 vue"},"content":{"rendered":"<p> \u00abLa consigne donn\u00e9e aux policiers, c\u2019est que tout conducteur \u00e0 plus de 100\u00a0km\/h sera syst\u00e9matiquement plac\u00e9 en <a href=\"https:\/\/www.20minutes.fr\/dossier\/garde_a_vue\" class=\"color-ultramarine c-link\" target=\"_blank\" rel=\"noopener\">garde \u00e0 vue<\/a> pour mise en danger de la vie d\u2019autrui\u00a0\u00bb, a pr\u00e9venu le procureur\u2026 Ce mercredi, le <a href=\"https:\/\/www.20minutes.fr\/dossier\/procureur_de_la_republique\" class=\"color-ultramarine c-link\" target=\"_blank\" rel=\"noopener\">procureur<\/a> de la R\u00e9publique de <a href=\"https:\/\/www.20minutes.fr\/nice\/\" class=\"color-ultramarine c-link\" target=\"_blank\" rel=\"noopener\">Nice<\/a> et le pr\u00e9fet des <a href=\"https:\/\/www.20minutes.fr\/societe\/alpes-maritimes\/\" class=\"color-ultramarine c-link\" target=\"_blank\" rel=\"noopener\">Alpes-Maritimes<\/a> ont fait une annonce choc visant les chauffards qui auraient l\u2019intention de piquer une pointe sur la <a href=\"https:\/\/www.20minutes.fr\/societe\/3343223-20220830-nice-apres-accident-mortel-promenade-anglais-nouveaux-amenagements-cyclables-efficaces\" class=\"color-ultramarine c-link\" target=\"_blank\" rel=\"noopener\">Promenade des Anglais<\/a>.<\/p>\n<p>Et pour cause, selon les deux dignitaires, quinze personnes sont mortes dans des accidents de la route depuis\u00a02023 sur la plus c\u00e9l\u00e8bre art\u00e8re de Nice qui compte trois voies de circulation dans chaque sens, un large espace pi\u00e9ton et une <a href=\"https:\/\/www.20minutes.fr\/paris\/3084711-20210716-paris-piste-sebastopol-axe-cyclable-plus-emprunte-monde\" class=\"color-ultramarine c-link\" target=\"_blank\" rel=\"noopener\">piste cyclable<\/a> o\u00f9 filent v\u00e9los et trottinettes.<\/p>\n<p>20\u00a0% des victimes du d\u00e9partement<\/p>\n<p>Lundi encore, alors que la ville rendait hommage aux 86 victimes de l\u2019attentat du 14\u00a0juillet 2016 sur sa grande avenue du bord de mer, des contr\u00f4les de vitesse ont encore surpris deux motards \u00e0 plus de 130\u00a0km\/h.<\/p>\n<\/p>\n<p>Cinq personnes y ont trouv\u00e9 la mort en\u00a02023, six en\u00a02024 et quatre depuis janvier\u00a02025. Il s\u2019agissait de cinq conducteurs de deux-roues, quatre pi\u00e9tons, trois cyclistes, les passagers d\u2019un deux-roues et d\u2019une voiture et un conducteur de trottinette.<\/p>\n<p>Pour cette ann\u00e9e, les morts de la Prom&rsquo;, comme l\u2019appellent les Ni\u00e7ois, repr\u00e9sentent pr\u00e8s de 20\u00a0% des victimes de la route dans le d\u00e9partement.<\/p>\n<p>\u00ab\u00a0Des conduites extr\u00eamement agressives et de l\u2019incivisme caract\u00e9ris\u00e9\u00a0\u00bb<\/p>\n<p>Deux de ces morts remontent \u00e0 la semaine derni\u00e8re, quand un <a href=\"https:\/\/www.20minutes.fr\/nice\/2622283-20191007-nice-motard-controle-depassement-vitesse-plus-100-kmh\" class=\"color-ultramarine c-link\" target=\"_blank\" rel=\"noopener\">motard<\/a> qui roulait vraisemblablement trop vite a percut\u00e9 un v\u00e9lo. Le cycliste et la passag\u00e8re de 21 ans du motard sont morts, le motard est sorti du coma.<\/p>\n<p>\u00ab\u00a0On a des conduites ici extr\u00eamement agressives, de l\u2019incivisme caract\u00e9ris\u00e9\u00a0\u00bb, a d\u00e9plor\u00e9 le pr\u00e9fet Laurent Hottiaux, lors d\u2019un point presse en marge d\u2019un contr\u00f4le de vitesse. \u00ab\u00a0Il y a \u00e9videmment la vitesse, l\u2019alcool, les stup\u00e9fiants, mais il y a des morts, et ici, des personnes tr\u00e8s jeunes\u00a0\u00bb.<\/p>\n<p>D\u00e9j\u00e0 des premi\u00e8res actions<\/p>\n<p>Le pr\u00e9fet et les services de police ont promis des contr\u00f4les de vitesse quasi-quotidiens sur l\u2019axe pendant l\u2019\u00e9t\u00e9, et le procureur Damien Martinelli a \u00e9voqu\u00e9 un renforcement des poursuites et des sanctions.<\/p>\n<p>Au premier trimestre\u00a02025, le nombre de poursuites engag\u00e9es par le parquet de Nice en mati\u00e8re de d\u00e9linquance routi\u00e8re a bondi de 30\u00a0% par rapport \u00e0 la m\u00eame p\u00e9riode l\u2019an dernier.<\/p>\n<p>Un radar suppl\u00e9mentaire install\u00e9 sur la Promenade des Anglais le 27\u00a0mai a d\u00e9j\u00e0 relev\u00e9 plus de 3.000 exc\u00e8s de vitesse en sept semaines.<\/p>\n","protected":false},"excerpt":{"rendered":"\u00abLa consigne donn\u00e9e aux policiers, c\u2019est que tout conducteur \u00e0 plus de 100\u00a0km\/h sera syst\u00e9matiquement plac\u00e9 en garde&hellip;\n","protected":false},"author":2,"featured_media":259747,"comment_status":"","ping_status":"","sticky":false,"template":"","format":"standard","meta":{"footnotes":""},"categories":[2819],"tags":[4376,1111,11,2898,1777,674,5915,1011,27,12,2401,883,1072,39987,3764,882,1306,25],"class_list":{"0":"post-259746","1":"post","2":"type-post","3":"status-publish","4":"format-standard","5":"has-post-thumbnail","7":"category-nice","8":"tag-accident-de-la-route","9":"tag-actu","10":"tag-actualites","11":"tag-alpes-maritimes","12":"tag-eu","13":"tag-europe","14":"tag-exces-de-vitesse","15":"tag-fr","16":"tag-france","17":"tag-news","18":"tag-nice","19":"tag-paca","20":"tag-police","21":"tag-prevention-routiere","22":"tag-procureur-de-la-republique","23":"tag-provence-alpes-cote-dazur","24":"tag-regions","25":"tag-republique-francaise"},"share_on_mastodon":{"url":"https:\/\/pubeurope.com\/@fr\/114882206997054248","error":""},"_links":{"self":[{"href":"https:\/\/www.europesays.com\/fr\/wp-json\/wp\/v2\/posts\/259746","targetHints":{"allow":["GET"]}}],"collection":[{"href":"https:\/\/www.europesays.com\/fr\/wp-json\/wp\/v2\/posts"}],"about":[{"href":"https:\/\/www.europesays.com\/fr\/wp-json\/wp\/v2\/types\/post"}],"author":[{"embeddable":true,"href":"https:\/\/www.europesays.com\/fr\/wp-json\/wp\/v2\/users\/2"}],"replies":[{"embeddable":true,"href":"https:\/\/www.europesays.com\/fr\/wp-json\/wp\/v2\/comments?post=259746"}],"version-history":[{"count":0,"href":"https:\/\/www.europesays.com\/fr\/wp-json\/wp\/v2\/posts\/259746\/revisions"}],"wp:featuredmedia":[{"embeddable":true,"href":"https:\/\/www.europesays.com\/fr\/wp-json\/wp\/v2\/media\/259747"}],"wp:attachment":[{"href":"https:\/\/www.europesays.com\/fr\/wp-json\/wp\/v2\/media?parent=259746"}],"wp:term":[{"taxonomy":"category","embeddable":true,"href":"https:\/\/www.europesays.com\/fr\/wp-json\/wp\/v2\/categories?post=259746"},{"taxonomy":"post_tag","embeddable":true,"href":"https:\/\/www.europesays.com\/fr\/wp-json\/wp\/v2\/tags?post=259746"}],"curies":[{"name":"wp","href":"https:\/\/api.w.org\/{rel}","templated":true}]}}