{"id":259748,"date":"2025-07-19T22:15:22","date_gmt":"2025-07-19T22:15:22","guid":{"rendered":"https:\/\/www.europesays.com\/fr\/259748\/"},"modified":"2025-07-19T22:15:22","modified_gmt":"2025-07-19T22:15:22","slug":"lepicier-piege-le-voleur-a-nice-journal-de-20-heures","status":"publish","type":"post","link":"https:\/\/www.europesays.com\/fr\/259748\/","title":{"rendered":"L&rsquo;\u00e9picier pi\u00e8ge le voleur \u00e0 Nice &#8211; Journal de 20 heures"},"content":{"rendered":"<p id=\"descriptionPanel\" class=\"text-secondary mr-2 line-clamp-2 pr-2.5 overflow-visible\">Tout a commenc\u00e9 il y a une semaine. Chaque nuit, des bouteilles d&rsquo;alcool se volatilisent des rayons d&rsquo;une sup\u00e9rette \u00e0 Nice, dans Alpes-Maritimes. Les g\u00e9rants constatent sur la vid\u00e9osurveillance qu&rsquo;un homme s&rsquo;introduit dans l&rsquo;\u00e9picerie, quatre fois au total. Exc\u00e9d\u00e9s par cette s\u00e9rie de vols, ils ont tent\u00e9 le tout pour le tout dans le but de coincer le voleur. En r\u00e9cidive, le d\u00e9linquant est pass\u00e9 en comparution imm\u00e9diate vendredi. Il est condamn\u00e9 \u00e0 un an de prison ferme. <\/p>\n<p>TF1 | Reportage M. HAMIOT, G. CAMBA<\/p>\n<p>Afficher la version longue du r\u00e9sum\u00e9<a class=\"shrink-0\" href=\"https:\/\/www.tf1.fr\/tf1\/jt-20h\" target=\"_blank\" rel=\"noopener\"><img decoding=\"async\" src=\"https:\/\/www.europesays.com\/fr\/wp-content\/uploads\/2025\/07\/flux-program-card-portrait-1-jt20h-btcb-f6f521-de0119-4109ab-0@1x.jpg\" width=\"138\" height=\"184\" alt=\"\" loading=\"eager\" fetchpriority=\"auto\" class=\"rounded-3px aspect-[3\/4] h-24 w-auto\" aria-hidden=\"true\"\/><\/a><\/p>\n","protected":false},"excerpt":{"rendered":"Tout a commenc\u00e9 il y a une semaine. Chaque nuit, des bouteilles d&rsquo;alcool se volatilisent des rayons d&rsquo;une&hellip;\n","protected":false},"author":2,"featured_media":259749,"comment_status":"","ping_status":"","sticky":false,"template":"","format":"standard","meta":{"footnotes":""},"categories":[2819],"tags":[1111,11,1777,674,3483,3697,1011,27,3699,3698,12,2401,882,25,3701,3702,3700],"class_list":{"0":"post-259748","1":"post","2":"type-post","3":"status-publish","4":"format-standard","5":"has-post-thumbnail","7":"category-nice","8":"tag-actu","9":"tag-actualites","10":"tag-eu","11":"tag-europe","12":"tag-extrait","13":"tag-extrait-journal-de-20-heures","14":"tag-fr","15":"tag-france","16":"tag-journal-de-20-heures","17":"tag-journal-de-20-heures-extrait","18":"tag-news","19":"tag-nice","20":"tag-provence-alpes-cote-dazur","21":"tag-republique-francaise","22":"tag-streaming-journal-de-20-heures","23":"tag-video-en-streaming-journal-de-20-heures","24":"tag-video-journal-de-20-heures"},"share_on_mastodon":{"url":"https:\/\/pubeurope.com\/@fr\/114882210891918516","error":""},"_links":{"self":[{"href":"https:\/\/www.europesays.com\/fr\/wp-json\/wp\/v2\/posts\/259748","targetHints":{"allow":["GET"]}}],"collection":[{"href":"https:\/\/www.europesays.com\/fr\/wp-json\/wp\/v2\/posts"}],"about":[{"href":"https:\/\/www.europesays.com\/fr\/wp-json\/wp\/v2\/types\/post"}],"author":[{"embeddable":true,"href":"https:\/\/www.europesays.com\/fr\/wp-json\/wp\/v2\/users\/2"}],"replies":[{"embeddable":true,"href":"https:\/\/www.europesays.com\/fr\/wp-json\/wp\/v2\/comments?post=259748"}],"version-history":[{"count":0,"href":"https:\/\/www.europesays.com\/fr\/wp-json\/wp\/v2\/posts\/259748\/revisions"}],"wp:featuredmedia":[{"embeddable":true,"href":"https:\/\/www.europesays.com\/fr\/wp-json\/wp\/v2\/media\/259749"}],"wp:attachment":[{"href":"https:\/\/www.europesays.com\/fr\/wp-json\/wp\/v2\/media?parent=259748"}],"wp:term":[{"taxonomy":"category","embeddable":true,"href":"https:\/\/www.europesays.com\/fr\/wp-json\/wp\/v2\/categories?post=259748"},{"taxonomy":"post_tag","embeddable":true,"href":"https:\/\/www.europesays.com\/fr\/wp-json\/wp\/v2\/tags?post=259748"}],"curies":[{"name":"wp","href":"https:\/\/api.w.org\/{rel}","templated":true}]}}