{"id":259750,"date":"2025-07-19T22:17:38","date_gmt":"2025-07-19T22:17:38","guid":{"rendered":"https:\/\/www.europesays.com\/fr\/259750\/"},"modified":"2025-07-19T22:17:38","modified_gmt":"2025-07-19T22:17:38","slug":"ce-match-est-une-bonne-base-de-travail-se-satisfait-sylvain-ripoll-apres-la-victoire-de-guingamp-sur-nantes-en-amical","status":"publish","type":"post","link":"https:\/\/www.europesays.com\/fr\/259750\/","title":{"rendered":"\u00ab\u00a0Ce match est une bonne base de travail\u00a0\u00bb, se satisfait Sylvain Ripoll, apr\u00e8s la victoire de Guingamp sur Nantes en amical"},"content":{"rendered":"<p>Amical. FC Nantes (L1) \u2013 EA Guingamp (L2), \u00e0 Plo\u00ebrmel : 1-2Des essais gagnants en premi\u00e8re mi-temps<\/p>\n<p>Comme il l\u2019a parfois fait l\u2019an dernier, Sylvain Ripoll avait choisi d\u2019attaquer ce match avec trois d\u00e9fenseurs, le jeune Gassama se tenant \u00e0 la gauche de Gomis et Na\u00efr. Le sch\u00e9ma valait seulement en phase offensive, Matumona retrouvant son poste de lat\u00e9ral quand il s\u2019agissait de d\u00e9fendre.<\/p>\n<p>Les ajustements ont mis quelques minutes \u00e0 \u00eatre assimil\u00e9s mais au quart d\u2019heure de jeu, les Guingampais se sont offert deux occasions par Sagna (15\u2019) et Touzghar (16\u2019). Sagna a ensuite trouv\u00e9 la faille, en s\u2019y reprenant \u00e0 deux fois (34\u2019). La suite fut plus compliqu\u00e9e. D\u00e9bord\u00e9s c\u00f4t\u00e9 droit, les Costarmoricains ont c\u00e9d\u00e9 sur une reprise de Mohamed (1-1, 37\u2019). Et apr\u00e8s une perte de balle plein axe, ils ont subi quatre occasions encha\u00een\u00e9es par Guirassy et Deuff (45\u2019). \u00ab On n\u2019avait qu\u2019un pivot (Louiserre), deux attaquants (Sagna, Labeau), c\u2019est la pr\u00e9paration, on essaye des choses. Il y a eu trente-cinq minutes de tr\u00e8s bonne qualit\u00e9, avec beaucoup de rythme, de la justesse dans la remont\u00e9e (de balle). C\u2019\u00e9tait vraiment int\u00e9ressant \u00bb, go\u00fbte Sylvain Ripoll, l\u2019entra\u00eeneur guingampais.<\/p>\n<p>Matumona avait des jambes<\/p>\n<p>Clairement fatigu\u00e9 contre Avranches (2-0), le jeune J\u00e9r\u00e9mie Matumona (19 ans) a montr\u00e9 qu\u2019il \u00e9tait une bonne pioche apr\u00e8s sa saison pleine au Mans. Solide dans les duels, \u00e0 son aise pour ressortir les ballons, il a \u00e9galement profit\u00e9 du syst\u00e8me \u00e0 trois pour se projeter vers l\u2019avant. \u00ab La semaine derni\u00e8re, les joueurs \u00e9taient tr\u00e8s tr\u00e8s fatigu\u00e9s. On a coup\u00e9 hier apr\u00e8s-midi (vendredi) et ce matin (samedi), ce qui fait qu\u2019on a probablement abord\u00e9 ce match avec plus de fra\u00eecheur \u00bb, explique le coach d\u2019EAG.<\/p>\n<p>Cette premi\u00e8re mi-temps a \u00e9galement confirm\u00e9 les bonnes dispositions de Touzghar, replac\u00e9 en relayeur, et de N\u2019Landu, lui aussi align\u00e9 en \u00ab faux pied \u00bb dans l\u2019entrejeu et pr\u00e9cis quand il a d\u00e9livr\u00e9 ses quatre corners. Devant, Labeau a r\u00e9guli\u00e8rement pris le dessus sur la tr\u00e8s jeune charni\u00e8re Tati-Doucour\u00e9.<\/p>\n<p><img decoding=\"async\" src=\"https:\/\/www.europesays.com\/fr\/wp-content\/uploads\/2025\/07\/687be73c8e34b3439a0983f4.1.jpeg\" width=\"480\" height=\"300\" class=\"web_golden_m\" loading=\"lazy\" alt=\"Teddy Bartouche-Selbonne a \u00e9t\u00e9 le seul \u00e0 disputer l\u2019enti\u00e8ret\u00e9 de cette partie et il a \u00e9t\u00e9 souvent rassurant.\"\/>Teddy Bartouche-Selbonne a \u00e9t\u00e9 le seul \u00e0 disputer l\u2019enti\u00e8ret\u00e9 de cette partie et il a \u00e9t\u00e9 souvent rassurant. (Photo Patricia M\u00e9rer)Une victoire m\u00e9rit\u00e9e, finalement<\/p>\n<p>Teddy Bartouche-Selbonne a \u00e9t\u00e9 le seul \u00e0 disputer l\u2019int\u00e9gralit\u00e9 de cette partie. \u00ab Il y aura peut-\u00eatre le retour d\u2019Adri (Ortol\u00e0) contre Lorient (le samedi 26 juillet). Noah (Marec) aura peut-\u00eatre du temps de jeu contre Concarneau (mercredi). C\u2019est une r\u00e9flexion globale autour de nos trois gardiens \u00bb, justifie Sylvain Ripoll.<\/p>\n<p>Sur le terrain, lors du deuxi\u00e8me acte, les Guingampais ont d\u2019abord eu du mal \u00e0 se sortir du pressing canari. Le penalty obtenu et transform\u00e9 par Hemia (2-1, 74\u2019) leur a redonn\u00e9 de l\u2019allant. \u00ab Le premier quart d\u2019heure a \u00e9t\u00e9 mou, pour le moins, confirme l\u2019entra\u00eeneur guingampais. Apr\u00e8s, on a commenc\u00e9 \u00e0 trouver les portes de sortie, \u00e0 se cr\u00e9er des occasions. Que l\u2019on soit devant au score n\u2019est pas imm\u00e9rit\u00e9. Ce match est une bonne base de travail \u00bb. Seuls deux joueurs n\u2019y ont pas pris part, Siwe (touch\u00e9 au dos) et Njoya (soucis musculaires \u00e0 l\u2019ischio). \u00ab Et ce soir (samedi), on n\u2019a pas eu de casse, c\u2019est plut\u00f4t pas mal \u00bb, sourit le technicien costarmoricain.<\/p>\n<p>Ziani, pr\u00e9nomm\u00e9 Sacha<\/p>\n<p>\u00c0 Nantes, le jeune Sacha Ziani (21 ans), entr\u00e9 \u00e0 la 34e minute de jeu, s\u2019est tout de suite mis en \u00e9vidence en d\u00e9calant Tabibou, passeur d\u00e9cisif pour Mohamed (1-1, 37\u2019). Il est le fils de St\u00e9phane, le coach de la r\u00e9serve, et a h\u00e9rit\u00e9 du paternel son gabarit (1,68 m) et sa technique en mouvement. Sollicit\u00e9 au m\u00eame moment, le Serbe Uros Radakovic \u00e9tait la seule recrue nantaise de ce deuxi\u00e8me match amical.<\/p>\n<p>Un d\u00e9fenseur central de 32 ans, dur sur l\u2019homme, globe-trotter pass\u00e9 par l\u2019Italie, la R\u00e9publique tch\u00e8que, le Kazakhstan ou encore la Turquie (11 clubs \u00e0 son actif !). Un curieux renfort pour les Canaris, d\u2019ailleurs coupable d\u2019une faute tr\u00e8s \u00e9vitable sur Hemia, qui a permis \u00e0 ce dernier d\u2019offrir la victoire \u00e0 Guingamp sur penalty (2-1, 74\u2019).<\/p>\n<p class=\"titre-tech\">Fiche technique<\/p>\n<p class=\"tech\">Arbitre : M. Gu\u00e9guen<\/p>\n<p class=\"tech\"><strong class=\"tech\">BUTS.<\/strong> Nantes : Mohamed (37\u2019) ; Guingamp : Sagna (34\u2019), Hemia (74\u2019s.p.).<\/p>\n<p class=\"tech\"><strong class=\"tech\">NANTES.<\/strong> Lopes (Carlgren, 46\u2019) \u2013 Amian (cap., Acapandi\u00e9, 63\u2019), Doucour\u00e9 (Radakovic, 34\u2019), Tati (Doucour\u00e9, 63\u2019), Cozza (Duverne, 46\u2019) \u2013 Deuff (Diack, 63\u2019), Leroux (S. Ziani, 34\u2019), Tabibou (Deuff, 63\u2019) \u2013 Mahamoud (Benhattab, 46\u2019), Mohamed (Kuange, 63\u2019), Guirassy (Bodiang, 46\u2019).<\/p>\n<p class=\"tech\"><strong class=\"tech\">GUINGAMP. Premi\u00e8re mi-temps<\/strong> : Bartouche-Selbonne \u2013 Gomis, Nair, Gassama \u2013 Matumona, Touzghar, Louiserre (cap.), N\u2019Landu, Ourega \u2013 Sagna, Labeau.<\/p>\n<p class=\"tech\"><strong class=\"tech\">Deuxi\u00e8me mi-temps<\/strong> : Bartouche-Selbonne \u2013 Sissoko, Demouchy, Planeix, Koffi \u2013 Ghrieb, Sidib\u00e9, Ahile, Ebane-Caro \u2013 Hemia (cap.), Irabor.<\/p>\n","protected":false},"excerpt":{"rendered":"Amical. FC Nantes (L1) \u2013 EA Guingamp (L2), \u00e0 Plo\u00ebrmel : 1-2Des essais gagnants en premi\u00e8re mi-temps Comme&hellip;\n","protected":false},"author":2,"featured_media":259751,"comment_status":"","ping_status":"","sticky":false,"template":"","format":"standard","meta":{"footnotes":""},"categories":[2818],"tags":[1111,11,9594,1777,674,63,1011,27,4044,446,766,12,2636,25,60],"class_list":{"0":"post-259750","1":"post","2":"type-post","3":"status-publish","4":"format-standard","5":"has-post-thumbnail","7":"category-nantes","8":"tag-actu","9":"tag-actualites","10":"tag-en-avant-guingamp","11":"tag-eu","12":"tag-europe","13":"tag-football","14":"tag-fr","15":"tag-france","16":"tag-guingamp","17":"tag-ligue-2","18":"tag-nantes","19":"tag-news","20":"tag-pays-de-la-loire","21":"tag-republique-francaise","22":"tag-sports"},"share_on_mastodon":{"url":"https:\/\/pubeurope.com\/@fr\/114882218851783485","error":""},"_links":{"self":[{"href":"https:\/\/www.europesays.com\/fr\/wp-json\/wp\/v2\/posts\/259750","targetHints":{"allow":["GET"]}}],"collection":[{"href":"https:\/\/www.europesays.com\/fr\/wp-json\/wp\/v2\/posts"}],"about":[{"href":"https:\/\/www.europesays.com\/fr\/wp-json\/wp\/v2\/types\/post"}],"author":[{"embeddable":true,"href":"https:\/\/www.europesays.com\/fr\/wp-json\/wp\/v2\/users\/2"}],"replies":[{"embeddable":true,"href":"https:\/\/www.europesays.com\/fr\/wp-json\/wp\/v2\/comments?post=259750"}],"version-history":[{"count":0,"href":"https:\/\/www.europesays.com\/fr\/wp-json\/wp\/v2\/posts\/259750\/revisions"}],"wp:featuredmedia":[{"embeddable":true,"href":"https:\/\/www.europesays.com\/fr\/wp-json\/wp\/v2\/media\/259751"}],"wp:attachment":[{"href":"https:\/\/www.europesays.com\/fr\/wp-json\/wp\/v2\/media?parent=259750"}],"wp:term":[{"taxonomy":"category","embeddable":true,"href":"https:\/\/www.europesays.com\/fr\/wp-json\/wp\/v2\/categories?post=259750"},{"taxonomy":"post_tag","embeddable":true,"href":"https:\/\/www.europesays.com\/fr\/wp-json\/wp\/v2\/tags?post=259750"}],"curies":[{"name":"wp","href":"https:\/\/api.w.org\/{rel}","templated":true}]}}