{"id":259767,"date":"2025-07-19T22:27:28","date_gmt":"2025-07-19T22:27:28","guid":{"rendered":"https:\/\/www.europesays.com\/fr\/259767\/"},"modified":"2025-07-19T22:27:28","modified_gmt":"2025-07-19T22:27:28","slug":"un-homme-tue-par-arme-blanche-au-sud-de-lyon-3","status":"publish","type":"post","link":"https:\/\/www.europesays.com\/fr\/259767\/","title":{"rendered":"Un homme tu\u00e9 par arme blanche au sud de Lyon"},"content":{"rendered":"<p>Un homme de 35\u00a0ans a \u00e9t\u00e9 tu\u00e9 par arme blanche dans la matin\u00e9e du 19\u00a0juillet \u00e0 Saint-Fons, au sud de Lyon, a indiqu\u00e9 \u00e0 l\u2019AFP le parquet de <a href=\"https:\/\/vichy.maville.com\/actu\/actudet_-l-evade-de-la-prison-de-lyon-corbas-et-son-complice-mis-en-examen-et-places-en-detention-provisoire-_54135-6903573_actu.Htm\" target=\"_self\" rel=\"noopener\">Lyon<\/a>. Un homme s\u2019est rendu \u00e0 la police, pr\u00e9cise cette m\u00eame source\u00a0: <strong>\u00ab\u00a0Un homme de 24\u00a0ans s\u2019est pr\u00e9sent\u00e9 au commissariat \u00e0 15\u00a0h en s\u2019accusant du meurtre\u00a0\u00bb <\/strong>samedi 19\u00a0juillet et<strong> \u00ab\u00a0il a \u00e9t\u00e9 plac\u00e9 en garde \u00e0 vue<\/strong>.<strong>\u00a0\u00bb<\/strong><\/p>\n<p>La victime pr\u00e9sentait une plaie au thorax et<strong> \u00ab\u00a0a \u00e9t\u00e9 tu\u00e9e ce matin aux alentours de 5\u00a0h\u00a020 rue \u00c9mile Zola\u00a0\u00bb,<\/strong> a-t-il ajout\u00e9, sans pr\u00e9ciser davantage les circonstances. Une enqu\u00eate a \u00e9t\u00e9 ouverte du chef d\u2019homicide volontaire et confi\u00e9e \u00e0 la division de la criminalit\u00e9 territoriale du Rh\u00f4ne.<\/p>\n<p>Une ville d\u00e9j\u00e0 endeuill\u00e9e en novembre<\/p>\n<p>La victime ne serait pas un r\u00e9sident de la ville, selon le maire, Christian Duch\u00eane qui pr\u00e9cise \u00e0 nos confr\u00e8res du  <a href=\"https:\/\/www.leprogres.fr\/faits-divers-justice\/2025\/07\/19\/saint-fons-un-homme-tue-par-arme-blanche-tot-samedi-matin\" target=\"_self\" rel=\"noopener\">Progr\u00e8s<\/a>  que le quartier o\u00f9 a eu lieu l\u2019homicide serait \u00e9quip\u00e9 en cam\u00e9ras de vid\u00e9oprotection.<\/p>\n<p>Comme l\u2019indique le quotidien r\u00e9gional, la commune de Saint-Font\u00a0avait d\u00e9j\u00e0 \u00e9t\u00e9 le th\u00e9\u00e2tre d\u2019un homicide \u00e0 l\u2019arme blanche en novembre dernier. Un Alg\u00e9rien de 31\u00a0ans avait alors perdu la vie.<\/p>\n<p>\u00a0<\/p>\n","protected":false},"excerpt":{"rendered":"Un homme de 35\u00a0ans a \u00e9t\u00e9 tu\u00e9 par arme blanche dans la matin\u00e9e du 19\u00a0juillet \u00e0 Saint-Fons, au&hellip;\n","protected":false},"author":2,"featured_media":259768,"comment_status":"","ping_status":"","sticky":false,"template":"","format":"standard","meta":{"footnotes":""},"categories":[1889],"tags":[1111,11,10268,2430,8386,1777,674,1011,27,4933,2428,12,25,3728,7053,5911],"class_list":{"0":"post-259767","1":"post","2":"type-post","3":"status-publish","4":"format-standard","5":"has-post-thumbnail","7":"category-lyon","8":"tag-actu","9":"tag-actualites","10":"tag-arme","11":"tag-auvergne-rhone-alpes","12":"tag-blanche","13":"tag-eu","14":"tag-europe","15":"tag-fr","16":"tag-france","17":"tag-homme","18":"tag-lyon","19":"tag-news","20":"tag-republique-francaise","21":"tag-saint-malo","22":"tag-sud","23":"tag-tue"},"share_on_mastodon":{"url":"https:\/\/pubeurope.com\/@fr\/114882258058994655","error":""},"_links":{"self":[{"href":"https:\/\/www.europesays.com\/fr\/wp-json\/wp\/v2\/posts\/259767","targetHints":{"allow":["GET"]}}],"collection":[{"href":"https:\/\/www.europesays.com\/fr\/wp-json\/wp\/v2\/posts"}],"about":[{"href":"https:\/\/www.europesays.com\/fr\/wp-json\/wp\/v2\/types\/post"}],"author":[{"embeddable":true,"href":"https:\/\/www.europesays.com\/fr\/wp-json\/wp\/v2\/users\/2"}],"replies":[{"embeddable":true,"href":"https:\/\/www.europesays.com\/fr\/wp-json\/wp\/v2\/comments?post=259767"}],"version-history":[{"count":0,"href":"https:\/\/www.europesays.com\/fr\/wp-json\/wp\/v2\/posts\/259767\/revisions"}],"wp:featuredmedia":[{"embeddable":true,"href":"https:\/\/www.europesays.com\/fr\/wp-json\/wp\/v2\/media\/259768"}],"wp:attachment":[{"href":"https:\/\/www.europesays.com\/fr\/wp-json\/wp\/v2\/media?parent=259767"}],"wp:term":[{"taxonomy":"category","embeddable":true,"href":"https:\/\/www.europesays.com\/fr\/wp-json\/wp\/v2\/categories?post=259767"},{"taxonomy":"post_tag","embeddable":true,"href":"https:\/\/www.europesays.com\/fr\/wp-json\/wp\/v2\/tags?post=259767"}],"curies":[{"name":"wp","href":"https:\/\/api.w.org\/{rel}","templated":true}]}}