{"id":259771,"date":"2025-07-19T22:30:12","date_gmt":"2025-07-19T22:30:12","guid":{"rendered":"https:\/\/www.europesays.com\/fr\/259771\/"},"modified":"2025-07-19T22:30:12","modified_gmt":"2025-07-19T22:30:12","slug":"pour-une-enquete-de-la-sous-direction-antiterroriste-les-policiers-de-la-bri-sont-intervenus-au-mans","status":"publish","type":"post","link":"https:\/\/www.europesays.com\/fr\/259771\/","title":{"rendered":"Pour une enqu\u00eate de la Sous-direction antiterroriste, les policiers de la BRI sont intervenus au Mans"},"content":{"rendered":"<p>            Par<br \/>\n        <strong><br \/>\n            <a href=\"https:\/\/actu.fr\/auteur\/redaction-lemans\" title=\"Consulter tous les articles de R\u00e9daction Le Mans\" target=\"_blank\" rel=\"noopener\">R\u00e9daction Le Mans<\/a><br \/>\n        <\/strong><\/p>\n<p>        Publi\u00e9 le<\/p>\n<p>            19 juil. 2025 \u00e0 11h35        <\/p>\n<p>La<b> Brigade de recherche et d\u2019intervention<\/b> (BRI) est intervenue au<a href=\"https:\/\/actu.fr\/le-mans\/\" target=\"_blank\" rel=\"noopener\">\u00a0Mans<\/a> (<a href=\"https:\/\/actu.fr\/pays-de-la-loire\/sarthe_72\" target=\"_blank\" rel=\"noopener\">Sarthe<\/a>) le 7\u00a0juillet 2025, dans le cadre d\u2019une enqu\u00eate men\u00e9e par la <b>Sous-direction antiterroriste <\/b>(SDAT).<\/p>\n<p class=\" wall-content\">Il est 7\u00a0heures du matin lorsque des \u00e9l\u00e9ments de la BRI interviennent all\u00e9e Claude-Debussy, dans le quartier Ronceray-Glonni\u00e8res, au sud du\u00a0Mans.<\/p>\n<p>Jug\u00e9 pour d\u00e9tention de drogues<\/p>\n<p class=\" wall-content\">Ces policiers, qui agissent dans le cadre d\u2019une enqu\u00eate men\u00e9e par la SDAT, d\u00e9couvrent au domicile de la personne qu\u2019ils sont venus interpeller <b>50 grammes de r\u00e9sine de cannabis<\/b>, 8 grammes de coca\u00efne et <b>300\u00a0euros en esp\u00e8ce<\/b>.<\/p>\n<p class=\" wall-content\">Des \u00e9l\u00e9ments qui permettent, cette fois-ci, aux policiers du\u00a0Mans d\u2019ouvrir une autre enqu\u00eate, une <b>incidente<\/b>, comme on dit en termes techniques.<\/p>\n<p>Trois mois de prison<\/p>\n<p class=\" wall-content\">L\u2019homme interpell\u00e9, connu de la justice et ayant d\u00e9j\u00e0 s\u00e9journ\u00e9 en prison, est d\u00e9f\u00e9r\u00e9 pour les faits de d\u00e9tention de stup\u00e9fiants vendredi 18 juillet 2025.<\/p>\n<p>Vid\u00e9os : en ce moment sur Actu<\/p>\n<p class=\" wall-content\"><b>Le pr\u00e9venu<\/b>, un homme grand, mince, portant de <b>longues dreadlocks<\/b> et une barbichette clairsem\u00e9e, v\u00eatu d\u2019un tee-shirt rouge, a \u00e9t\u00e9<b> reconnu coupable<\/b> des faits qui lui sont reproch\u00e9s.<\/p>\n<p class=\" wall-content\">Il a donc \u00e9t\u00e9 condamn\u00e9 \u00e0<b> trois mois de prison ferme<\/b>, avec <b>maintien en d\u00e9tention.<\/b><\/p>\n<p class=\" wall-content\">Suivez toute l\u2019actualit\u00e9 de vos villes et m\u00e9dias favoris en vous inscrivant \u00e0 <a href=\"https:\/\/moncompte.actu.fr\" title=\"D\u00e9couvez Mon Actu\" rel=\"nofollow noopener\" data-trk=\"{&quot;cta&quot;:{&quot;action&quot;:&quot;https:\\\/\\\/moncompte.actu.fr&quot;,&quot;category&quot;:&quot;mon compte&quot;,&quot;from&quot;:&quot;article footer&quot;,&quot;name&quot;:&quot;Mon actu&quot;,&quot;type&quot;:&quot;cta&quot;}}\" target=\"_blank\">Mon Actu<\/a>.<\/p>\n","protected":false},"excerpt":{"rendered":"Par R\u00e9daction Le Mans Publi\u00e9 le 19 juil. 2025 \u00e0 11h35 La Brigade de recherche et d\u2019intervention (BRI)&hellip;\n","protected":false},"author":2,"featured_media":259772,"comment_status":"","ping_status":"","sticky":false,"template":"","format":"standard","meta":{"footnotes":""},"categories":[1888],"tags":[1111,1928,11,1927,1052,1777,674,118,1011,27,12,1926,626,1925,25,1254],"class_list":{"0":"post-259771","1":"post","2":"type-post","3":"status-publish","4":"format-standard","5":"has-post-thumbnail","7":"category-paris","8":"tag-actu","9":"tag-actu-paris","10":"tag-actualites","11":"tag-actualites-paris","12":"tag-drogue","13":"tag-eu","14":"tag-europe","15":"tag-faits-divers","16":"tag-fr","17":"tag-france","18":"tag-news","19":"tag-news-paris","20":"tag-paris","21":"tag-paris-news","22":"tag-republique-francaise","23":"tag-terrorisme"},"share_on_mastodon":{"url":"https:\/\/pubeurope.com\/@fr\/114882270106463544","error":""},"_links":{"self":[{"href":"https:\/\/www.europesays.com\/fr\/wp-json\/wp\/v2\/posts\/259771","targetHints":{"allow":["GET"]}}],"collection":[{"href":"https:\/\/www.europesays.com\/fr\/wp-json\/wp\/v2\/posts"}],"about":[{"href":"https:\/\/www.europesays.com\/fr\/wp-json\/wp\/v2\/types\/post"}],"author":[{"embeddable":true,"href":"https:\/\/www.europesays.com\/fr\/wp-json\/wp\/v2\/users\/2"}],"replies":[{"embeddable":true,"href":"https:\/\/www.europesays.com\/fr\/wp-json\/wp\/v2\/comments?post=259771"}],"version-history":[{"count":0,"href":"https:\/\/www.europesays.com\/fr\/wp-json\/wp\/v2\/posts\/259771\/revisions"}],"wp:featuredmedia":[{"embeddable":true,"href":"https:\/\/www.europesays.com\/fr\/wp-json\/wp\/v2\/media\/259772"}],"wp:attachment":[{"href":"https:\/\/www.europesays.com\/fr\/wp-json\/wp\/v2\/media?parent=259771"}],"wp:term":[{"taxonomy":"category","embeddable":true,"href":"https:\/\/www.europesays.com\/fr\/wp-json\/wp\/v2\/categories?post=259771"},{"taxonomy":"post_tag","embeddable":true,"href":"https:\/\/www.europesays.com\/fr\/wp-json\/wp\/v2\/tags?post=259771"}],"curies":[{"name":"wp","href":"https:\/\/api.w.org\/{rel}","templated":true}]}}