{"id":259773,"date":"2025-07-19T22:31:14","date_gmt":"2025-07-19T22:31:14","guid":{"rendered":"https:\/\/www.europesays.com\/fr\/259773\/"},"modified":"2025-07-19T22:31:14","modified_gmt":"2025-07-19T22:31:14","slug":"diner-en-famille-et-en-charmante-compagnie-de-mysterieuses-jeunes-femmes","status":"publish","type":"post","link":"https:\/\/www.europesays.com\/fr\/259773\/","title":{"rendered":"d\u00eener en famille\u2026 et en charmante compagnie de myst\u00e9rieuses jeunes femmes"},"content":{"rendered":"<p>De retour dans la capitale apr\u00e8s une saison intense, Kylian Mbapp\u00e9 a \u00e9t\u00e9 aper\u00e7u le 12 juillet dernier dans l\u2019un des restaurants les plus pris\u00e9s de Paris. Accompagn\u00e9 de son fr\u00e8re, d\u2019amis proches\u2026 et de deux myst\u00e9rieuses jeunes femmes, le footballeur a choisi le chicissime Loulou pour savourer sa soir\u00e9e.<\/p>\n<p>Alors que le sportif aurait pu s\u2019\u00e9clipser loin de<a href=\"https:\/\/fr.news.yahoo.com\/kylian-mbapp%C3%A9-psg-cest-loin-120700253.html\" data-ylk=\"slk:sa guerre contre le PSG;elm:context_link;itc:0;sec:content-canvas;outcm:mb_qualified_link;_E:mb_qualified_link;ct:story;\" class=\"link  yahoo-link\" rel=\"nofollow noopener\" target=\"_blank\"> sa guerre contre le PSG<\/a> et profiter de son temps libre \u00e0 l\u2019\u00e9tranger, <a href=\"https:\/\/www.purepeople.com\/people\/mbappe_p550771\" rel=\"nofollow noopener\" target=\"_blank\" data-ylk=\"slk:Kylian Mbapp\u00e9;elm:context_link;itc:0;sec:content-canvas\" class=\"link \">Kylian Mbapp\u00e9<\/a> a pr\u00e9f\u00e9r\u00e9 poser ses valises \u00e0 Paris. Et pas dans n\u2019importe quel lieu : le c\u00e9l\u00e8bre attaquant a \u00e9t\u00e9 photographi\u00e9 le 12 juillet 2025 au<strong> restaurant Loulou<\/strong>, situ\u00e9 au c\u0153ur du jardin des Tuileries, \u00e0 deux pas du Louvre. <a href=\"https:\/\/fr.news.yahoo.com\/jai-pr%C3%A9f%C3%A9r%C3%A9-rester-discr%C3%A8te-kylian-104800113.html\" data-ylk=\"slk:Un retour discret\u2026 ou presque.;elm:context_link;itc:0;sec:content-canvas;outcm:mb_qualified_link;_E:mb_qualified_link;ct:story;\" class=\"link  yahoo-link\" rel=\"nofollow noopener\" target=\"_blank\">Un retour discret\u2026 ou presque.<\/a><\/p>\n<p>Kylian Mbapp\u00e9 rep\u00e9r\u00e9 au Loulou avec deux myst\u00e9rieuses invit\u00e9es<\/p>\n<p>Selon les clich\u00e9s captur\u00e9s ce soir-l\u00e0, le joueur est rest\u00e9 attabl\u00e9 de 21h \u00e0 1h du matin, entour\u00e9 de<strong> son petit fr\u00e8re Ethan,<\/strong> de quelques amis, et de <a href=\"https:\/\/fr.news.yahoo.com\/kylian-mbapp%C3%A9-myst%C3%A9rieuse-blonde-dont-195000835.html\" data-ylk=\"slk:deux myst\u00e9rieuses jeunes femmes;elm:context_link;itc:0;sec:content-canvas;outcm:mb_qualified_link;_E:mb_qualified_link;ct:story;\" class=\"link  yahoo-link\" rel=\"nofollow noopener\" target=\"_blank\">deux myst\u00e9rieuses jeunes femmes<\/a> qui ont imm\u00e9diatement attir\u00e9 l\u2019attention des paparazzis. La premi\u00e8re, m\u00e9tisse, arborait un maquillage naturel, des cheveux boucl\u00e9s relev\u00e9s en chignon flou et portait des lunettes rondes ainsi qu\u2019un t-shirt blanc tout simple. La seconde, brune au teint h\u00e2l\u00e9, affichait une chevelure longue, lisse, dans un style m\u00e9diterran\u00e9en ou latina.<\/p>\n<p>Aucune information n\u2019a filtr\u00e9 sur l\u2019identit\u00e9 de ces invit\u00e9es, mais leur pr\u00e9sence n\u2019a pas manqu\u00e9 de susciter les rumeurs sur les r\u00e9seaux sociaux. S&rsquo;agit-il de simples amies ? Ou d\u2019<a href=\"https:\/\/fr.news.yahoo.com\/as-coup-foudre-fonces-kylian-224000447.html\" data-ylk=\"slk:un d\u00e9but de romance estivale pour le champion fran\u00e7ais;elm:context_link;itc:0;sec:content-canvas;outcm:mb_qualified_link;_E:mb_qualified_link;ct:story;\" class=\"link  yahoo-link\" rel=\"nofollow noopener\" target=\"_blank\">un d\u00e9but de romance estivale pour le champion fran\u00e7ais<\/a> ? Une chose est s\u00fbre : Kylian Mbapp\u00e9 semble appr\u00e9cier<strong> les atmosph\u00e8res \u00e9l\u00e9gantes<\/strong> mais sans tapage, o\u00f9 l\u2019on peut d\u00eener \u00e0 l\u2019abri des regards tout en \u00e9tant vu.<\/p>\n<p><img decoding=\"async\" class=\"caas-img caas-lazy has-preview\" alt=\"Vid\u00e9os - Kylian Mbapp\u00e9 termine de d\u00eener au restaurant Loulou \u00e0 Paris, France, le 12 juillet 2025. Photographe : Gedeon Taieb \/ Bestimage\" src=\"https:\/\/www.europesays.com\/fr\/wp-content\/uploads\/2025\/07\/fc653081080e6d361819695b53855055.jpeg\"\/><\/p>\n<p>\u00a9 BestImage, Gedeon Taieb<\/p>\n<p>Loulou, l\u2019adresse parisienne chic o\u00f9 Mbapp\u00e9 a ses habitudes<\/p>\n<p>Ce n\u2019est pas la premi\u00e8re fois que le natif de Bondy est aper\u00e7u au Loulou, ce restaurant embl\u00e9matique de la sc\u00e8ne parisienne. Avec ses nappes blanches, ses palmiers en pots, ses banquettes cr\u00e8me et sa terrasse offrant une vue imprenable sur la Tour Eiffel, l\u2019\u00e9tablissement est devenu le <strong>QG de nombreuses personnalit\u00e9s<\/strong>. On y a d\u00e9j\u00e0 crois\u00e9 <a href=\"https:\/\/www.purepeople.com\/people\/jennifer-lopez_p74\" rel=\"nofollow noopener\" target=\"_blank\" data-ylk=\"slk:Jennifer Lopez;elm:context_link;itc:0;sec:content-canvas\" class=\"link \">Jennifer Lopez<\/a>, <a href=\"https:\/\/www.purepeople.com\/people\/olivier-rousteing_p545298\" rel=\"nofollow noopener\" target=\"_blank\" data-ylk=\"slk:Olivier Rousteing;elm:context_link;itc:0;sec:content-canvas\" class=\"link \">Olivier Rousteing<\/a> ou encore des figures de la Fashion Week.<\/p>\n<p>Le footballeur, qui pourrait facilement d\u00eener en toute discr\u00e9tion dans des lieux ultra-priv\u00e9s, revient r\u00e9guli\u00e8rement dans cet \u00e9crin lumineux. Un choix qui en dit long sur <strong>son attachement \u00e0 Paris<\/strong>, m\u00eame \u00e0 l\u2019aube de son nouveau d\u00e9part pour l\u2019Espagne.<\/p>\n<p><img decoding=\"async\" class=\"caas-img caas-lazy has-preview\" alt=\"Vid\u00e9os - Kylian Mbapp\u00e9 termine de d\u00eener au restaurant Loulou \u00e0 Paris, France, le 12 juillet 2025. Photographe : Gedeon Taieb \/ Bestimage\" src=\"https:\/\/www.europesays.com\/fr\/wp-content\/uploads\/2025\/07\/7716ee887bb4ec602094b837460893ea.jpeg\"\/><\/p>\n<p>\u00a9 BestImage, Gedeon Taieb<\/p>\n<p>Kylian Mbapp\u00e9, entre glamour parisien et luxe madril\u00e8ne<\/p>\n<p>Si ce dernier a choisi Paris pour sa pause estivale, Kylian Mbapp\u00e9 n\u2019en reste pas moins tourn\u00e9 vers l\u2019avenir. \u00c0 25 ans, la star du ballon rond g\u00e8re d\u00e9j\u00e0 un patrimoine immobilier impressionnant, partag\u00e9 entre la capitale fran\u00e7aise et Madrid. D\u2019apr\u00e8s le m\u00e9dia Okdiario.com, le joueur de football vient d\u2019acqu\u00e9rir une villa de 1200 m\u00b2 dans le quartier ultra-s\u00e9curis\u00e9 de La Finca, \u00e0 Madrid, pour un montant estim\u00e9 \u00e0 plus de <strong>11 millions d\u2019euros<\/strong>. Une demeure somptueuse avec sept suites, hammam, sauna, salle de sport et piscine chauff\u00e9e.<\/p>\n<p>Mais Kylian Mbapp\u00e9 est aussi rest\u00e9 fid\u00e8le \u00e0 Paris, longtemps install\u00e9 dans<strong> un penthouse de 600 m\u00b2<\/strong> dans le tr\u00e8s chic 16e arrondissement. Un duplex avec jacuzzi, vue sur la Tour Eiffel et une discr\u00e9tion absolue, \u00e0 quelques minutes du Parc des Princes.<\/p>\n<p>En attendant de poser d\u00e9finitivement ses valises en Espagne, le champion continue de <a href=\"https:\/\/fr.news.yahoo.com\/kylian-mbapp%C3%A9-trente-jeunes-femmes-041900280.html\" data-ylk=\"slk:savourer ses derni\u00e8res soir\u00e9es parisiennes;elm:context_link;itc:0;sec:content-canvas;outcm:mb_qualified_link;_E:mb_qualified_link;ct:story;\" class=\"link  yahoo-link\" rel=\"nofollow noopener\" target=\"_blank\">savourer ses derni\u00e8res soir\u00e9es parisiennes<\/a>, dans un d\u00e9cor qui allie luxe, tranquillit\u00e9\u2026 et <strong>myst\u00e8re<\/strong>.<\/p>\n<p><a href=\"https:\/\/www.purepeople.com\/article\/kylian-mbappe-sort-le-grand-jeu-a-paris-diner-en-famille-et-en-charmante-compagnie-de-mysterieuses-jeunes-femmes_a540578\/1\" rel=\"nofollow noopener\" target=\"_blank\" data-ylk=\"slk:Article original sur Purepeople;elm:context_link;itc:0;sec:content-canvas\" class=\"link \">Article original sur Purepeople<\/a><\/p>\n","protected":false},"excerpt":{"rendered":"De retour dans la capitale apr\u00e8s une saison intense, Kylian Mbapp\u00e9 a \u00e9t\u00e9 aper\u00e7u le 12 juillet dernier&hellip;\n","protected":false},"author":2,"featured_media":259774,"comment_status":"","ping_status":"","sticky":false,"template":"","format":"standard","meta":{"footnotes":""},"categories":[1888],"tags":[1111,1928,11,1927,1777,674,1011,27,21406,6477,39991,39990,12,1926,626,1925,25],"class_list":{"0":"post-259773","1":"post","2":"type-post","3":"status-publish","4":"format-standard","5":"has-post-thumbnail","7":"category-paris","8":"tag-actu","9":"tag-actu-paris","10":"tag-actualites","11":"tag-actualites-paris","12":"tag-eu","13":"tag-europe","14":"tag-fr","15":"tag-france","16":"tag-jardin-des-tuileries","17":"tag-kylian-mbappe","18":"tag-le-champion","19":"tag-loulou","20":"tag-news","21":"tag-news-paris","22":"tag-paris","23":"tag-paris-news","24":"tag-republique-francaise"},"share_on_mastodon":{"url":"https:\/\/pubeurope.com\/@fr\/114882274025971491","error":""},"_links":{"self":[{"href":"https:\/\/www.europesays.com\/fr\/wp-json\/wp\/v2\/posts\/259773","targetHints":{"allow":["GET"]}}],"collection":[{"href":"https:\/\/www.europesays.com\/fr\/wp-json\/wp\/v2\/posts"}],"about":[{"href":"https:\/\/www.europesays.com\/fr\/wp-json\/wp\/v2\/types\/post"}],"author":[{"embeddable":true,"href":"https:\/\/www.europesays.com\/fr\/wp-json\/wp\/v2\/users\/2"}],"replies":[{"embeddable":true,"href":"https:\/\/www.europesays.com\/fr\/wp-json\/wp\/v2\/comments?post=259773"}],"version-history":[{"count":0,"href":"https:\/\/www.europesays.com\/fr\/wp-json\/wp\/v2\/posts\/259773\/revisions"}],"wp:featuredmedia":[{"embeddable":true,"href":"https:\/\/www.europesays.com\/fr\/wp-json\/wp\/v2\/media\/259774"}],"wp:attachment":[{"href":"https:\/\/www.europesays.com\/fr\/wp-json\/wp\/v2\/media?parent=259773"}],"wp:term":[{"taxonomy":"category","embeddable":true,"href":"https:\/\/www.europesays.com\/fr\/wp-json\/wp\/v2\/categories?post=259773"},{"taxonomy":"post_tag","embeddable":true,"href":"https:\/\/www.europesays.com\/fr\/wp-json\/wp\/v2\/tags?post=259773"}],"curies":[{"name":"wp","href":"https:\/\/api.w.org\/{rel}","templated":true}]}}