{"id":259785,"date":"2025-07-19T22:37:13","date_gmt":"2025-07-19T22:37:13","guid":{"rendered":"https:\/\/www.europesays.com\/fr\/259785\/"},"modified":"2025-07-19T22:37:13","modified_gmt":"2025-07-19T22:37:13","slug":"le-gouvernement-va-abaisser-lage-du-droit-de-vote-a-16-ans-2","status":"publish","type":"post","link":"https:\/\/www.europesays.com\/fr\/259785\/","title":{"rendered":"le gouvernement va abaisser l&rsquo;\u00e2ge du droit de vote \u00e0 16 ans"},"content":{"rendered":"<p class=\"article-p mdl\">C&rsquo;est un s\u00e9isme pour la d\u00e9mocratie britannique. Le gouvernement du Royaume-Uni vient d&rsquo;annoncer ce 17 juillet 2025 que ses citoyens \u00e2g\u00e9s de <strong>16 et 17 ans<\/strong> pourront d\u00e9sormais voter \u00e0 toutes les \u00e9lections \u00e0 venir du pays, locales ou nationales. Auparavant, seuls les citoyens de plus de 18 ans avaient le droit de vote.<\/p>\n<p class=\"article-p mdl\">\u00ab\u00a0Aujourd&rsquo;hui, nous tenons notre promesse d&rsquo;accorder le droit de vote aux jeunes de 16 et 17 ans\u00a0\u00bb, a \u00e9crit sur le r\u00e9seau social X, la num\u00e9ro 2 du gouvernement, Angela Rayner. \u00ab\u00a0Les jeunes contribuent d\u00e9j\u00e0 \u00e0 la soci\u00e9t\u00e9 en travaillant, en payant des imp\u00f4ts et en servant dans l&rsquo;arm\u00e9e. Il est normal qu&rsquo;ils puissent s&rsquo;exprimer sur les questions qui les concernent\u00a0\u00bb, a-t-elle ajout\u00e9.<\/p>\n<p class=\"article-p mdl\">Cette r\u00e9forme vise \u00e0 \u00ab\u00a0moderniser la d\u00e9mocratie britannique\u00a0\u00bb, a annonc\u00e9 le gouvernement dans un communiqu\u00e9 qui d\u00e9taille un ensemble plus large de mesures rassembl\u00e9es sous le nom de \u00ab\u00a0Plan for change\u00a0\u00bb (Plan pour le changement).<\/p>\n<p class=\"article-p mdl\">Parmi les r\u00e9formes mises en avant pour inciter les citoyens \u00e0 prendre part au jeu d\u00e9mocratique, on compte aussi le fait qu&rsquo;il suffira dor\u00e9navant aux \u00e9lecteurs de <strong>pr\u00e9senter une carte bancaire<\/strong> pour voter. Lors des derni\u00e8res \u00e9lections g\u00e9n\u00e9rales de 2024, le gouvernement note que 4% des \u00e9lecteurs n&rsquo;ont pas pu voter pour la seule raison qu&rsquo;ils n&rsquo;avaient pas sur eux la bonne pi\u00e8ce d&rsquo;identit\u00e9. En tout, c&rsquo;est 750.000 voix qui n&rsquo;ont pas \u00e9t\u00e9 comptabilis\u00e9es pour cette seule raison. <\/p>\n<p class=\"article-p mdl\">Le gouvernement promet aussi une s\u00e9rie de mesures pour prot\u00e9ger la d\u00e9mocratie britannique des <strong>interf\u00e9rences \u00e9trang\u00e8res<\/strong>.<\/p>\n<p>    La r\u00e9daction vous recommande<\/p>\n<p class=\"s-newsletter__title\">\n                L\u2019actualit\u00e9 par la r\u00e9daction de RTL dans votre bo\u00eete mail.\n            <\/p>\n<p class=\"s-newsletter__subtitle\">\n                Gr\u00e2ce \u00e0 votre compte RTL abonnez-vous \u00e0 la newsletter RTL info pour suivre toute l&rsquo;actualit\u00e9 au quotidien\n            <\/p>\n<p>\n                                    Lire la suite\n                                <\/p>\n","protected":false},"excerpt":{"rendered":"C&rsquo;est un s\u00e9isme pour la d\u00e9mocratie britannique. Le gouvernement du Royaume-Uni vient d&rsquo;annoncer ce 17 juillet 2025 que&hellip;\n","protected":false},"author":2,"featured_media":259786,"comment_status":"","ping_status":"","sticky":false,"template":"","format":"standard","meta":{"footnotes":""},"categories":[1588],"tags":[11,898,1777,674,107,12,316,473,1853,1851,1850,1852],"class_list":{"0":"post-259785","1":"post","2":"type-post","3":"status-publish","4":"format-standard","5":"has-post-thumbnail","7":"category-royaume-uni","8":"tag-actualites","9":"tag-alerte","10":"tag-eu","11":"tag-europe","12":"tag-fil-info","13":"tag-news","14":"tag-politique","15":"tag-royaume-uni","16":"tag-royaume-uni-de-grande-bretagne-et-dirlande-du-nord","17":"tag-uk","18":"tag-united-kingdom","19":"tag-united-kingdom-of-great-britain-and-northern-ireland"},"share_on_mastodon":{"url":"https:\/\/pubeurope.com\/@fr\/114882297439128271","error":""},"_links":{"self":[{"href":"https:\/\/www.europesays.com\/fr\/wp-json\/wp\/v2\/posts\/259785","targetHints":{"allow":["GET"]}}],"collection":[{"href":"https:\/\/www.europesays.com\/fr\/wp-json\/wp\/v2\/posts"}],"about":[{"href":"https:\/\/www.europesays.com\/fr\/wp-json\/wp\/v2\/types\/post"}],"author":[{"embeddable":true,"href":"https:\/\/www.europesays.com\/fr\/wp-json\/wp\/v2\/users\/2"}],"replies":[{"embeddable":true,"href":"https:\/\/www.europesays.com\/fr\/wp-json\/wp\/v2\/comments?post=259785"}],"version-history":[{"count":0,"href":"https:\/\/www.europesays.com\/fr\/wp-json\/wp\/v2\/posts\/259785\/revisions"}],"wp:featuredmedia":[{"embeddable":true,"href":"https:\/\/www.europesays.com\/fr\/wp-json\/wp\/v2\/media\/259786"}],"wp:attachment":[{"href":"https:\/\/www.europesays.com\/fr\/wp-json\/wp\/v2\/media?parent=259785"}],"wp:term":[{"taxonomy":"category","embeddable":true,"href":"https:\/\/www.europesays.com\/fr\/wp-json\/wp\/v2\/categories?post=259785"},{"taxonomy":"post_tag","embeddable":true,"href":"https:\/\/www.europesays.com\/fr\/wp-json\/wp\/v2\/tags?post=259785"}],"curies":[{"name":"wp","href":"https:\/\/api.w.org\/{rel}","templated":true}]}}