{"id":259787,"date":"2025-07-19T22:38:12","date_gmt":"2025-07-19T22:38:12","guid":{"rendered":"https:\/\/www.europesays.com\/fr\/259787\/"},"modified":"2025-07-19T22:38:12","modified_gmt":"2025-07-19T22:38:12","slug":"euro-feminin-les-notes-de-france-allemagne-marquees-par-le-manque-de-tranchant-offensif-des-bleues","status":"publish","type":"post","link":"https:\/\/www.europesays.com\/fr\/259787\/","title":{"rendered":"Euro f\u00e9minin. Les notes de France-Allemagne, marqu\u00e9es par le manque de tranchant offensif des Bleues"},"content":{"rendered":"<p><strong>PEYRAUD-MAGNIN (6)<\/strong> : Sur le but, elle ne peut pas grand-chose. En revanche, elle sauve la patrie en arr\u00eatant le penalty de N\u00fcsken \u00e0 vingt minutes de la fin. Elle n\u2019arr\u00eate aucun tir au but dans la s\u00e9ance.<\/p>\n<p><strong>DE ALMEIDA (6)<\/strong> : Pas vraiment \u00e0 la faute sur le but, elle a bien pris son couloir sur le plan offensif. S\u00e9rieuse et appliqu\u00e9e. Une reprise de vol\u00e9e sur corner. Remplac\u00e9e, \u00e0 bout de forces, par N\u2019DONGALA (112e ).<\/p>\n<p><strong>LAKRAR (6)<\/strong> : Un bon match, surtout vu son manque de rythme. Elle a rassur\u00e9, intervenant souvent dans le bon tempo. Malheureusement hors-jeu sur le deuxi\u00e8me but de Geyoro, annul\u00e9 par la VAR. Elle a gagn\u00e9 de nombreux m\u00e8tres.<\/p>\n<p><strong>LIRE AUSSI &gt;&gt; <a href=\"https:\/\/www.ledauphine.com\/sport\/2025\/07\/20\/les-bleues-eliminees-aux-tirs-au-but-par-l-allemagne-au-bout-d-un-quart-de-final-irrespirable\" target=\"_blank\" rel=\"nofollow noopener\">Les Bleues \u00e9limin\u00e9es aux tirs au but par l&rsquo;Allemagne au bout d&rsquo;un quart de finale irrespirable\u00a0<\/a><\/strong><\/p>\n<p><strong>MBOCK (5)<\/strong> : Un match de reprise o\u00f9 la capitaine a peu \u00e0 peu connu des difficult\u00e9s, pour g\u00e9rer Hoffmann. Elle est fautive sur le marquage sur le corner triomphal de N\u00fcsken. Remplac\u00e9e par SOMBATH (85e ).<\/p>\n<p><strong>BACHA (4)<\/strong> : Une grosse activit\u00e9, mais des transmissions manqu\u00e9es, notamment sur coups de pied arr\u00eat\u00e9s. Elle commet une faute stupide qui donne un penalty, heureusement arr\u00eat\u00e9.<\/p>\n<p><strong>JEAN-FRAN\u00c7OIS (5)<\/strong> : Dans la position basse au milieu, elle s\u2019est montr\u00e9e disponible et a tent\u00e9 des choses, en perdant beaucoup de ballons.<\/p>\n<p><strong>GEYORO (5)<\/strong> : Elle a cru devenir l\u2019h\u00e9ro\u00efne du match \u00e0 la 57e minute quand son tir a termin\u00e9 au fond, signifiant un doubl\u00e9 apr\u00e8s son penalty de la premi\u00e8re p\u00e9riode. Mais le but a \u00e9t\u00e9 refus\u00e9. Remplac\u00e9e par MAJRI (112e). \u2002<\/p>\n<p><strong>KARCHAOUI (7)<\/strong> : Elle a du coffre ! La num\u00e9ro 7 a couru partout, subi \u00e9norm\u00e9ment de fautes et \u00e9t\u00e9 \u00e0 l\u2019initiative de la plupart des actions offensives, comme son centre enroul\u00e9 qui m\u00e8ne au but refus\u00e9 par la VAR.\u00a0\u00a0<\/p>\n<p><strong>CASCARINO (5)<\/strong> : Attendue, l\u2019aili\u00e8re a connu une premi\u00e8re demi-heure compliqu\u00e9e, avant de se retrouver sur des actions de jeu plus int\u00e9ressantes. Une tr\u00e8s belle occasion, gr\u00e2ce \u00e0 sa vitesse et capacit\u00e9 d\u2019\u00e9limination (55e). Remplac\u00e9e par MALARD (77e).<\/p>\n<p><strong>KATOTO (4)<\/strong> : Elle a encore eu le r\u00f4le compliqu\u00e9, face \u00e0 des Allemandes qui ont d\u00e9fendu avec toute leur force. Une t\u00eate en fin de premi\u00e8re mi-temps. Quelques d\u00e9cisions qu\u2019elle aurait pu prendre plus vite. Remplac\u00e9e par MATEO (77e).<\/p>\n<p><strong>DIANI (5)<\/strong> : Un d\u00e9but de match poussif c\u00f4t\u00e9 droit. Des tirs, passes et contr\u00f4les manqu\u00e9s \u00e0 la pelle, souvent en difficult\u00e9 car prise par deux joueuses. Plus percutante en deuxi\u00e8me mi-temps avant son remplacement pas BALTIMORE (67e).<\/p>\n","protected":false},"excerpt":{"rendered":"PEYRAUD-MAGNIN (6) : Sur le but, elle ne peut pas grand-chose. En revanche, elle sauve la patrie en&hellip;\n","protected":false},"author":2,"featured_media":259788,"comment_status":"","ping_status":"","sticky":false,"template":"","format":"standard","meta":{"footnotes":""},"categories":[1587],"tags":[11,672,1804,1805,1803,1777,674,107,329,1801,12,1802],"class_list":{"0":"post-259787","1":"post","2":"type-post","3":"status-publish","4":"format-standard","5":"has-post-thumbnail","7":"category-allemagne","8":"tag-actualites","9":"tag-allemagne","10":"tag-bundesrepublik-deutschland","11":"tag-de","12":"tag-deutschland","13":"tag-eu","14":"tag-europe","15":"tag-fil-info","16":"tag-france-monde","17":"tag-germany","18":"tag-news","19":"tag-republique-federale-dallemagne"},"share_on_mastodon":{"url":"https:\/\/pubeurope.com\/@fr\/114882301383606793","error":""},"_links":{"self":[{"href":"https:\/\/www.europesays.com\/fr\/wp-json\/wp\/v2\/posts\/259787","targetHints":{"allow":["GET"]}}],"collection":[{"href":"https:\/\/www.europesays.com\/fr\/wp-json\/wp\/v2\/posts"}],"about":[{"href":"https:\/\/www.europesays.com\/fr\/wp-json\/wp\/v2\/types\/post"}],"author":[{"embeddable":true,"href":"https:\/\/www.europesays.com\/fr\/wp-json\/wp\/v2\/users\/2"}],"replies":[{"embeddable":true,"href":"https:\/\/www.europesays.com\/fr\/wp-json\/wp\/v2\/comments?post=259787"}],"version-history":[{"count":0,"href":"https:\/\/www.europesays.com\/fr\/wp-json\/wp\/v2\/posts\/259787\/revisions"}],"wp:featuredmedia":[{"embeddable":true,"href":"https:\/\/www.europesays.com\/fr\/wp-json\/wp\/v2\/media\/259788"}],"wp:attachment":[{"href":"https:\/\/www.europesays.com\/fr\/wp-json\/wp\/v2\/media?parent=259787"}],"wp:term":[{"taxonomy":"category","embeddable":true,"href":"https:\/\/www.europesays.com\/fr\/wp-json\/wp\/v2\/categories?post=259787"},{"taxonomy":"post_tag","embeddable":true,"href":"https:\/\/www.europesays.com\/fr\/wp-json\/wp\/v2\/tags?post=259787"}],"curies":[{"name":"wp","href":"https:\/\/api.w.org\/{rel}","templated":true}]}}