{"id":259801,"date":"2025-07-19T22:45:11","date_gmt":"2025-07-19T22:45:11","guid":{"rendered":"https:\/\/www.europesays.com\/fr\/259801\/"},"modified":"2025-07-19T22:45:11","modified_gmt":"2025-07-19T22:45:11","slug":"tout-faire-pour-marquer-lhistoire-du-volley-francais-benjamin-toniutti-apres-sa-400e-selection-lequipe","status":"publish","type":"post","link":"https:\/\/www.europesays.com\/fr\/259801\/","title":{"rendered":"\u00ab Tout faire pour marquer l&#039;Histoire du volley fran\u00e7ais \u00bb : Benjamin Toniutti, apr\u00e8s sa 400e s\u00e9lection &#8211; L&#039;\u00c9quipe"},"content":{"rendered":"<ol>\n<li><a href=\"https:\/\/news.google.com\/rss\/articles\/CBMi5AFBVV95cUxOWUNac1I3SnVBb0RlNnZVRnRzMlg0N25pNlFnWXhLUFJxaEVjaTQ2ZHB4WnZlTEJwcHJYdVlXQkIzZ0RrRjZGcWl4ZDBEbFVULTVsVkxxZXQ2b2Mxdkt2ajEyRzc3WFhCdGk4My1JblhNQ3prTVhTY1g2XzNqcXU3eU9VdF9oVGUtR1VNVnNpM2o1bGdNUTk4b0dESGg4VU9CTi03OG9QSVFOU3FLOUVxWUk1OXZvbHM5WGs4Ry1vdWl3aXpmU21JcWxNTmcta1Y2Z3NfMEEyaUFyTWhhb3hja0d2SU8?oc=5\" target=\"_blank\" rel=\"nofollow noopener\">\u00ab Tout faire pour marquer l&rsquo;Histoire du volley fran\u00e7ais \u00bb : Benjamin Toniutti, apr\u00e8s sa 400e s\u00e9lection<\/a>&nbsp;&nbsp;L&rsquo;\u00c9quipe<\/li>\n<li><a href=\"https:\/\/news.google.com\/rss\/articles\/CBMilgJBVV95cUxQZzBVNnNEOXJqQ1FMaFVOUU5nVm43TmtRY1A3WTdkdlZfajhqOVZDa2tPdjNhRGF2Z2wtUEsybC10bURQaDRYZWtSQVo1SUVCTjl6ckdpaDloa0ZOek04RkZZaHVEdzRhMlFaa2plNEp3RGUxNnFDbEFsdFd6TVhDaG1sbXlfTlluel9QdjBQMVJ1T2tMRlJKbU1mUzNDdjVyS3RqNTl0RmZDTTZqdGtObThFVzRuNlVZSWtra0JxV2dpMzc2YTVvbWMwd3B4NGc0VFF0SVRXUWRpRU5lZDVtcW5ISTB4MVN6QkZRMEpKRnlFTHV3NVRjMUJfODJPdFNQNUdUZXY0aWNrUUxsZkFkTnIxOUNnUQ?oc=5\" target=\"_blank\" rel=\"nofollow noopener\">France &#8211; Iran. \u00c0 quelle heure et sur quelle cha\u00eene voir le match de Ligue des nations de volley ?<\/a>&nbsp;&nbsp;Ouest-France<\/li>\n<li><a href=\"https:\/\/news.google.com\/rss\/articles\/CBMi5AFBVV95cUxPQkVFS1pBcHo2Y0hUMVBDT0lFVTlJS1dUMmdvdFFzLTdXZUttMHFDaUpRdWZ4R3VzMzg2Nm5leHpCNnhUaWVqZlNSdWFqRDBVOE5xQmtZRFo4T3JHUnVsNURhZmpMbWh1OWdibWl1MWlCT01tZElWZmdWTEdwOXdWZjliamRkWS1hQWdTOXJ0SnQ5dmlVR1JqYUs5OFdGaFRtSzE5MXdqUHJqV0RoRFlEYm5KY1F3Y3FoWGdtUndVRTJhRktlWFYxc0w3V0dWQy1hdlhGVld4Z2ROenR4cWFNZkZlM3fSAeMBQVVfeXFMTTlHVldHUVJSVTNpVG1vYTBVMXJROENrdlV2MndPbi1aQWFLRVZQVklTSTREMXE3UkZCOTdiZldxVGRxckxHQWR6ZEZYRks4OGgtZ2lxYXlycWVqZkZrV3pfd2hpcU1HcXNnajRMTENvaTZWd2w1bG1iX1U2X1M4bDF2c0h4ZnlsWm9XT0g4aUR6ZUplZTU4MG5adi0wZXp1ZlFOcW9PQVVYNlVkVHJ4M0tiUXhqQ3Z2M1VpVThrcktCMkQzRmxGNzc5S0J3WDVMdDJSNUJKSHJMYzlwd1VrbW5GdUE?oc=5\" target=\"_blank\" rel=\"nofollow noopener\">Ligue des nations (H) : La France encha\u00eene face \u00e0 l&rsquo;Iran et se qualifie pour le Final 8<\/a>&nbsp;&nbsp;Orange Actualit\u00e9s | Sports<\/li>\n<li><a href=\"https:\/\/news.google.com\/rss\/articles\/CBMinwJBVV95cUxOTUk0ZFR1NWZoRHNTWWtVVE5WdFdOckZHTmd1NVJudHhnNWpwTnQtdmEyVTgzUUZjZkFyR2RYc1hEWjc2dzZsWmpmZnRLUWVHQzBlS19CQ0p0bHhfVW1nSTBwZ3BGc2ZvOWFYYVdTSTRtNUE0VTFsZHJicVN2UmlqcXFoalh2d05rNmtEX0YyaTRCZVp1TWp6djMwSkkwSk1pdXFKcXoxM2pTazNlV0Y0SEtZYnUzUElGeE83MGhmQXdBOTF2dm43N1RSM01kNjE5NFFnWEFCX2UxVEUwdmk4VUFKM01PbEFSM01qZ2sxaVhBSS00Zldkc2lzZFFfTkFLeWk3ZFdzdW0tVEpxUGZkZWhpaFc2SE9CNXBjNU9Pdw?oc=5\" target=\"_blank\" rel=\"nofollow noopener\">Les Bleus disposent de l&rsquo;Iran et valident leur qualification pour le Final 8<\/a>&nbsp;&nbsp;Eurosport<\/li>\n<li><a href=\"https:\/\/news.google.com\/rss\/articles\/CBMi2wFBVV95cUxNaW4zSmxzeFpFUWEyMjlCa1NYbFpqcjNfYzAxa2xNd2ZVazZnbUFhZUdZSHRUS2MyVDBFWDE2ZlFiTG9SczJCVWFOa0E0STdxY1RGZ0liazBLNGp2SEZDVjNfdTFEaDItTjc0XzZpbFJzV1FsZEZtenJWOTdkWmZ2WWlGX3p3VGVLdU1kdHhEOTBramI5MEJmWVlVbkJaLWV3V0J6emsyMFNBTi1weHpITkhlZTczYTlPLUxONHJkUS1xbXI3ZVJpcUFUQzEyc29WT3ZIZ3MxVFYxSmM?oc=5\" target=\"_blank\" rel=\"nofollow noopener\">Volley : renversants face \u00e0 Cuba, les Bleus \u00e0 un pas de la phase finale en Ligue des Nations<\/a>&nbsp;&nbsp;Le Figaro<\/li>\n<\/ol>\n","protected":false},"excerpt":{"rendered":"\u00ab Tout faire pour marquer l&rsquo;Histoire du volley fran\u00e7ais \u00bb : Benjamin Toniutti, apr\u00e8s sa 400e s\u00e9lection&nbsp;&nbsp;L&rsquo;\u00c9quipe France&hellip;\n","protected":false},"author":2,"featured_media":259802,"comment_status":"","ping_status":"","sticky":false,"template":"","format":"standard","meta":{"footnotes":""},"categories":[1417],"tags":[1011,27,60,1470,1469],"class_list":{"0":"post-259801","1":"post","2":"type-post","3":"status-publish","4":"format-standard","5":"has-post-thumbnail","7":"category-volley","8":"tag-fr","9":"tag-france","10":"tag-sports","11":"tag-volley","12":"tag-volleyball"},"share_on_mastodon":{"url":"https:\/\/pubeurope.com\/@fr\/114882328896947093","error":""},"_links":{"self":[{"href":"https:\/\/www.europesays.com\/fr\/wp-json\/wp\/v2\/posts\/259801","targetHints":{"allow":["GET"]}}],"collection":[{"href":"https:\/\/www.europesays.com\/fr\/wp-json\/wp\/v2\/posts"}],"about":[{"href":"https:\/\/www.europesays.com\/fr\/wp-json\/wp\/v2\/types\/post"}],"author":[{"embeddable":true,"href":"https:\/\/www.europesays.com\/fr\/wp-json\/wp\/v2\/users\/2"}],"replies":[{"embeddable":true,"href":"https:\/\/www.europesays.com\/fr\/wp-json\/wp\/v2\/comments?post=259801"}],"version-history":[{"count":0,"href":"https:\/\/www.europesays.com\/fr\/wp-json\/wp\/v2\/posts\/259801\/revisions"}],"wp:featuredmedia":[{"embeddable":true,"href":"https:\/\/www.europesays.com\/fr\/wp-json\/wp\/v2\/media\/259802"}],"wp:attachment":[{"href":"https:\/\/www.europesays.com\/fr\/wp-json\/wp\/v2\/media?parent=259801"}],"wp:term":[{"taxonomy":"category","embeddable":true,"href":"https:\/\/www.europesays.com\/fr\/wp-json\/wp\/v2\/categories?post=259801"},{"taxonomy":"post_tag","embeddable":true,"href":"https:\/\/www.europesays.com\/fr\/wp-json\/wp\/v2\/tags?post=259801"}],"curies":[{"name":"wp","href":"https:\/\/api.w.org\/{rel}","templated":true}]}}