{"id":259817,"date":"2025-07-19T22:53:10","date_gmt":"2025-07-19T22:53:10","guid":{"rendered":"https:\/\/www.europesays.com\/fr\/259817\/"},"modified":"2025-07-19T22:53:10","modified_gmt":"2025-07-19T22:53:10","slug":"lanimateur-stephen-colbert-sacrifie-pour-plaire-a-trump","status":"publish","type":"post","link":"https:\/\/www.europesays.com\/fr\/259817\/","title":{"rendered":"L\u2019animateur Stephen Colbert sacrifi\u00e9 pour plaire \u00e0 Trump ?"},"content":{"rendered":"<p class=\"mb-4 text-lg md:leading-8 break-words\">En mai\u00a02026, Donald Trump <a class=\"link \" href=\"https:\/\/www.lepoint.fr\/monde\/donald-trump-part-en-guerre-contre-la-presse-19-12-2024-2578348_24.php\" rel=\"nofollow noopener\" target=\"_blank\" data-ylk=\"slk:s&#039;\u00e9nervera un peu moins;elm:context_link;itc:0;sec:content-canvas\">s&rsquo;\u00e9nervera un peu moins<\/a> en tombant sur la cha\u00eene CBS en fin de soir\u00e9e. Le late show d&rsquo;un de ses principaux d\u00e9tracteurs vient de se voir signifier son clap de fin. Stephen Colbert a \u00e9t\u00e9 non seulement remerci\u00e9, mais en plus il ne sera pas remplac\u00e9. L&rsquo;\u00e9mission passe tout bonnement \u00e0 la trappe.<\/p>\n<p class=\"mb-4 text-lg md:leading-8 break-words\">La cha\u00eene a mis en avant la baisse g\u00e9n\u00e9rale des audiences sur les talk-shows de deuxi\u00e8me partie de soir\u00e9e pour justifier sa d\u00e9cision. \u00ab\u00a0Nous consid\u00e9rons Stephen Colbert irrempla\u00e7able et nous mettons donc \u00e0 la retraite la franchise The Late Show\u00a0\u00bb, ajoute l&rsquo;entreprise dans son communiqu\u00e9.<\/p>\n<p class=\"mb-4 text-lg md:leading-8 break-words\">\u00c0 LIRE AUSSI <strong class=\"strong\"><a href=\"https:\/\/www.lepoint.fr\/societe\/will-ferrell-donald-trump-le-late-show-de-stephen-colbert-en-cinq-moments-cultes-18-07-2025-2594672_23.php\" rel=\"nofollow noopener\" target=\"_blank\" data-ylk=\"slk:Will Ferrell, Donald Trump\u2026 Le \u00ab\u00a0Late Show\u00a0\u00bb de Stephen Colbert en cinq moments cultes;elm:context_link;itc:0;sec:content-canvas\" class=\"link \">Will Ferrell, Donald Trump\u2026 Le \u00ab\u00a0Late Show\u00a0\u00bb de Stephen Colbert en cinq moments cultes<\/a><\/strong>L&rsquo;animateur tenait son poste depuis 2015, <a class=\"link \" href=\"https:\/\/www.lepoint.fr\/economie\/david-letterman-tire-sa-reverence-21-05-2015-1930032_28.php\" rel=\"nofollow noopener\" target=\"_blank\" data-ylk=\"slk:en remplacement;elm:context_link;itc:0;sec:content-canvas\">en remplacement<\/a> de David Letterman. Sa long\u00e9vit\u00e9 a \u00e9t\u00e9 salu\u00e9e par l&rsquo;ensemble de la profession. Mais ce que beaucoup remarquent, c&rsquo;est que la mise \u00e0 pied intervient \u00e0 un moment crucial pour CBS.<\/p>\n<p>Soup\u00e7ons de corruption<\/p>\n<p class=\"mb-4 text-lg md:leading-8 break-words\">Skydance Media souhaite faire l&rsquo;acquisition de Paramount Global, la maison m\u00e8re de CBS, mais aussi Comedy Central, o\u00f9 officie <a class=\"link \" href=\"https:\/\/www.lepoint.fr\/culture\/rires-et-tonnerres-d-applaudissements-pour-le-dernier-daily-show-de-jon-stewart-07-08-2015-1955373_3.php\" rel=\"nofollow noopener\" target=\"_blank\" data-ylk=\"slk:un autre grand nom des late shows;elm:context_link;itc:0;sec:content-canvas\">un autre grand nom des late shows<\/a> outre-Atlantique, Jon Stewart avec son Daily Show, qu&rsquo;il avait quitt\u00e9 en\u00a02015\u00a0pour y revenir l&rsquo;ann\u00e9e derni\u00e8re. Une telle fusion a besoin de l&rsquo;approbation de l&rsquo;administration Trump (de <a class=\"link \" href=\"https:\/\/www.lepoint.fr\/economie\/temps-de-parole-la-lecon-americaine-23-11-2011-1399445_28.php\" rel=\"nofollow noopener\" target=\"_blank\" data-ylk=\"slk:la Federal Communications Commission;elm:context_link;itc:0;sec:content-canvas\">la Federal Communications Commission<\/a>, pr\u00e9cis\u00e9ment, <a class=\"link \" href=\"https:\/\/www.lepoint.fr\/culture\/cyril-hanouna-met-encore-l-arcom-en-colere-22-05-2025-2590269_3.php\" rel=\"nofollow noopener\" target=\"_blank\" data-ylk=\"slk:l&#039;\u00e9quivalent de l&#039;Arcom;elm:context_link;itc:0;sec:content-canvas\">l&rsquo;\u00e9quivalent de l&rsquo;Arcom<\/a>), qui n&rsquo;est absolument pas \u00e9pargn\u00e9e par Stephen Colbert au quotidien.<\/p>\n<p class=\"mb-4 text-lg md:leading-8 break-words\">Fid\u00e8le \u00e0 son franc-parler, St [&#8230;] <a href=\"https:\/\/www.lepoint.fr\/culture\/l-animateur-stephen-colbert-sacrifie-pour-plaire-a-trump-19-07-2025-2594713_3.php\" rel=\"nofollow noopener\" target=\"_blank\" data-ylk=\"slk:Lire la suite;elm:context_link;itc:0;sec:content-canvas\" class=\"link \">Lire la suite<\/a><\/p>\n","protected":false},"excerpt":{"rendered":"En mai\u00a02026, Donald Trump s&rsquo;\u00e9nervera un peu moins en tombant sur la cha\u00eene CBS en fin de soir\u00e9e.&hellip;\n","protected":false},"author":2,"featured_media":259818,"comment_status":"","ping_status":"","sticky":false,"template":"","format":"standard","meta":{"footnotes":""},"categories":[1359],"tags":[39971,58,75,59,1011,27,39993,973,39602,39992],"class_list":{"0":"post-259817","1":"post","2":"type-post","3":"status-publish","4":"format-standard","5":"has-post-thumbnail","7":"category-people","8":"tag-david-letterman","9":"tag-divertissement","10":"tag-donald-trump","11":"tag-entertainment","12":"tag-fr","13":"tag-france","14":"tag-late-show","15":"tag-people","16":"tag-stephen-colbert","17":"tag-will-ferrell"},"share_on_mastodon":{"url":"https:\/\/pubeurope.com\/@fr\/114882360455865325","error":""},"_links":{"self":[{"href":"https:\/\/www.europesays.com\/fr\/wp-json\/wp\/v2\/posts\/259817","targetHints":{"allow":["GET"]}}],"collection":[{"href":"https:\/\/www.europesays.com\/fr\/wp-json\/wp\/v2\/posts"}],"about":[{"href":"https:\/\/www.europesays.com\/fr\/wp-json\/wp\/v2\/types\/post"}],"author":[{"embeddable":true,"href":"https:\/\/www.europesays.com\/fr\/wp-json\/wp\/v2\/users\/2"}],"replies":[{"embeddable":true,"href":"https:\/\/www.europesays.com\/fr\/wp-json\/wp\/v2\/comments?post=259817"}],"version-history":[{"count":0,"href":"https:\/\/www.europesays.com\/fr\/wp-json\/wp\/v2\/posts\/259817\/revisions"}],"wp:featuredmedia":[{"embeddable":true,"href":"https:\/\/www.europesays.com\/fr\/wp-json\/wp\/v2\/media\/259818"}],"wp:attachment":[{"href":"https:\/\/www.europesays.com\/fr\/wp-json\/wp\/v2\/media?parent=259817"}],"wp:term":[{"taxonomy":"category","embeddable":true,"href":"https:\/\/www.europesays.com\/fr\/wp-json\/wp\/v2\/categories?post=259817"},{"taxonomy":"post_tag","embeddable":true,"href":"https:\/\/www.europesays.com\/fr\/wp-json\/wp\/v2\/tags?post=259817"}],"curies":[{"name":"wp","href":"https:\/\/api.w.org\/{rel}","templated":true}]}}