{"id":259819,"date":"2025-07-19T22:54:10","date_gmt":"2025-07-19T22:54:10","guid":{"rendered":"https:\/\/www.europesays.com\/fr\/259819\/"},"modified":"2025-07-19T22:54:10","modified_gmt":"2025-07-19T22:54:10","slug":"notre-politique-cest-toujours-de-favoriser-les-femmes-photographes-4-pour-3-a-la-galerie-les-amies-rouges","status":"publish","type":"post","link":"https:\/\/www.europesays.com\/fr\/259819\/","title":{"rendered":"\u00ab\u00a0Notre politique, c\u2019est toujours de favoriser les femmes photographes\u00a0\u00bb\u00a0: \u00ab\u00a04 pour 3\u00a0\u00bb \u00e0 la galerie Les amies rouges"},"content":{"rendered":"<p>Lieu hybride n\u00e9 d\u2019une amiti\u00e9, <a href=\"https:\/\/www.humanite.fr\/culture-et-savoir\/photographie\/les-amies-rouges-une-nouvelle-galerie-a-paris-768519\" rel=\"nofollow noopener\" target=\"_blank\">l<\/a><a href=\"https:\/\/www.humanite.fr\/culture-et-savoir\/photographie\/les-amies-rouges-une-nouvelle-galerie-a-paris-768519\" data-type=\"link\" data-id=\"https:\/\/www.humanite.fr\/culture-et-savoir\/photographie\/les-amies-rouges-une-nouvelle-galerie-a-paris-768519\" rel=\"nofollow noopener\" target=\"_blank\">a galerie Les amies rouges<\/a>, qui fait aussi office de librairie d\u2019occasion, f\u00eate ses trois ann\u00e9es d\u2019existence. Pour c\u00e9l\u00e9brer ces noces de froment (abondance, prosp\u00e9rit\u00e9, fertilit\u00e9 et vie), Emmanuelle Simon et Agn\u00e8s Schwab les deux galeristes, unies par la m\u00eame passion pour l\u2019art visuel, ont programm\u00e9 un floril\u00e8ge de quatre <a href=\"https:\/\/www.humanite.fr\/culture-et-savoir\/photographie\/rien-ne-nous-y-preparait-tout-nous-y-preparait-au-centre-pompidou-wolfgang-tillmans-photographe-des-temps\" rel=\"nofollow noopener\" target=\"_blank\">photographes<\/a> avec qui elles compagnonnent depuis le d\u00e9but de l\u2019aventure.<\/p>\n<p>\u00ab\u00a0Notre politique, c\u2019est toujours de favoriser les femmes photographes. Aujourd\u2019hui, elles sont trois sur&#8230;<\/p>\n","protected":false},"excerpt":{"rendered":"Lieu hybride n\u00e9 d\u2019une amiti\u00e9, la galerie Les amies rouges, qui fait aussi office de librairie d\u2019occasion, f\u00eate&hellip;\n","protected":false},"author":2,"featured_media":259820,"comment_status":"","ping_status":"","sticky":false,"template":"","format":"standard","meta":{"footnotes":""},"categories":[1358],"tags":[1348,1384,1385,1386,58,59,1349,1011,27,626,1756],"class_list":{"0":"post-259819","1":"post","2":"type-post","3":"status-publish","4":"format-standard","5":"has-post-thumbnail","7":"category-arts-et-design","8":"tag-arts","9":"tag-arts-and-design","10":"tag-arts-et-design","11":"tag-design","12":"tag-divertissement","13":"tag-entertainment","14":"tag-expositions","15":"tag-fr","16":"tag-france","17":"tag-paris","18":"tag-photographie"},"share_on_mastodon":{"url":"https:\/\/pubeurope.com\/@fr\/114882364303213067","error":""},"_links":{"self":[{"href":"https:\/\/www.europesays.com\/fr\/wp-json\/wp\/v2\/posts\/259819","targetHints":{"allow":["GET"]}}],"collection":[{"href":"https:\/\/www.europesays.com\/fr\/wp-json\/wp\/v2\/posts"}],"about":[{"href":"https:\/\/www.europesays.com\/fr\/wp-json\/wp\/v2\/types\/post"}],"author":[{"embeddable":true,"href":"https:\/\/www.europesays.com\/fr\/wp-json\/wp\/v2\/users\/2"}],"replies":[{"embeddable":true,"href":"https:\/\/www.europesays.com\/fr\/wp-json\/wp\/v2\/comments?post=259819"}],"version-history":[{"count":0,"href":"https:\/\/www.europesays.com\/fr\/wp-json\/wp\/v2\/posts\/259819\/revisions"}],"wp:featuredmedia":[{"embeddable":true,"href":"https:\/\/www.europesays.com\/fr\/wp-json\/wp\/v2\/media\/259820"}],"wp:attachment":[{"href":"https:\/\/www.europesays.com\/fr\/wp-json\/wp\/v2\/media?parent=259819"}],"wp:term":[{"taxonomy":"category","embeddable":true,"href":"https:\/\/www.europesays.com\/fr\/wp-json\/wp\/v2\/categories?post=259819"},{"taxonomy":"post_tag","embeddable":true,"href":"https:\/\/www.europesays.com\/fr\/wp-json\/wp\/v2\/tags?post=259819"}],"curies":[{"name":"wp","href":"https:\/\/api.w.org\/{rel}","templated":true}]}}