{"id":259821,"date":"2025-07-19T22:55:17","date_gmt":"2025-07-19T22:55:17","guid":{"rendered":"https:\/\/www.europesays.com\/fr\/259821\/"},"modified":"2025-07-19T22:55:17","modified_gmt":"2025-07-19T22:55:17","slug":"testa-mora-les-rivages-du-destin-de-gilles-antonioli","status":"publish","type":"post","link":"https:\/\/www.europesays.com\/fr\/259821\/","title":{"rendered":"\u00ab Testa mora \u2013 Les rivages du destin \u00bb de Gilles Antonioli"},"content":{"rendered":"\n<p data-end=\"524\" data-start=\"143\"><strong data-end=\"178\" data-start=\"143\">Un mot sur vos racines corses ?<\/strong><br data-end=\"181\" data-start=\"178\" \/>  Je suis Ajaccien, m\u00eame si mes racines plongent dans l\u2019Alta Rocca, \u00e0 Tirolu plus pr\u00e9cis\u00e9ment. J\u2019ai toujours v\u00e9cu \u00e0 Ajaccio jusqu\u2019\u00e0 ce que je d\u00e9cide, il y a quelques ann\u00e9es, de quitter mon poste de chef du service marketing chez Air Corsica pour poursuivre ma carri\u00e8re \u00e0 Bruxelles. J\u2019y vis d\u00e9sormais, me partageant entre la Belgique et la Corse. <\/p>\n<p data-end=\"813\" data-start=\"526\"><strong data-end=\"567\" data-start=\"526\">Comment \u00eates-vous venu \u00e0 l\u2019\u00e9criture ?<\/strong><br data-end=\"570\" data-start=\"567\" \/>  J\u2019\u00e9cris depuis toujours, mais jusque-l\u00e0, c\u2019\u00e9tait surtout pour moi. Ce qui me passionne, c\u2019est la cr\u00e9ation, donner vie aux histoires qui me traversent l\u2019esprit. Testa Mora est le premier roman que je m\u00e8ne \u00e0 terme et que je d\u00e9cide de partager. <\/p>\n<p data-end=\"1630\" data-start=\"815\"><strong data-end=\"839\" data-start=\"815\">L\u2019id\u00e9e de ce roman ?<\/strong><br data-end=\"842\" data-start=\"839\" \/>  Il y a une dizaine d\u2019ann\u00e9es, je suis tomb\u00e9 sur un ouvrage \u00e9voquant la vie de Giudice da Cinarca. Ce r\u00e9cit m\u2019a captiv\u00e9. J\u2019ai alors pris conscience \u00e0 quel point je connaissais mal la Corse m\u00e9di\u00e9vale : sa richesse, sa complexit\u00e9, et cette familiarit\u00e9 troublante avec tant de rep\u00e8res de mon quotidien. C\u2019\u00e9tait notre histoire, et j\u2019avais le sentiment d\u2019en d\u00e9couvrir une part oubli\u00e9e de mon identit\u00e9, \u00e0 la fois \u00e9pique et fondatrice.<br data-end=\"1271\" data-start=\"1268\" \/>  Devenu p\u00e8re \u00e0 cette \u00e9poque, j\u2019ai aussi ressenti un besoin nouveau : celui de transmettre. H\u00e9ritier d\u2019une histoire, d\u2019une \u00e9ducation, de valeurs, je voulais rendre hommage \u00e0 ce legs. Ce livre est n\u00e9 de cette volont\u00e9. \u00c0 travers lui, j\u2019esp\u00e8re \u00e9veiller la curiosit\u00e9 de lecteurs qui, \u00e0 leur tour, auront envie d\u2019en apprendre davantage sur ce patrimoine si pr\u00e9cieux. <\/p>\n<p data-end=\"2558\" data-start=\"1632\"><strong data-end=\"1649\" data-start=\"1632\">Le synopsis ?<\/strong><br data-end=\"1652\" data-start=\"1649\" \/>  J\u2019ai choisi d\u2019imaginer, avec la libert\u00e9 propre au roman, comment la Testa Mora aurait pu arriver en Corse. Pour que l\u2019histoire prenne tout son sens, il m\u2019a fallu replacer l\u2019\u00eele dans le contexte m\u00e9diterran\u00e9en du XIVe si\u00e8cle : Aragon, Pise, G\u00eanes, Sardaigne, la papaut\u00e9 d\u2019Avignon&#8230;<br data-end=\"1937\" data-start=\"1934\" \/>  Le r\u00e9cit s\u2019ouvre \u00e0 Avignon, en 1317, sur une tentative d\u2019assassinat du pape, dans une \u00e9poque o\u00f9 la peur du d\u00e9mon se propageait via les grimoires orientaux, et o\u00f9 les intrigues politiques foisonnaient.<br data-end=\"2140\" data-start=\"2137\" \/>  La Corse, elle, attise toutes les convoitises. Deux trames s\u2019entrelacent : celle des fr\u00e8res Cortinchi, qui d\u00e9fendent leur ch\u00e2teau de Patrimonio face \u00e0 un seigneur assoiff\u00e9 de vendetta, et celle de Ferrer, un religieux catalan fra\u00eechement arriv\u00e9 \u00e0 la curie, qui se retrouve pris dans des intrigues obscures. Une jeune prostitu\u00e9e, qui l\u2019am\u00e8nera \u00e0 remettre en question ses certitudes, deviendra son guide dans ce tumulte. <\/p>\n<p data-end=\"3464\" data-start=\"2560\"><strong data-end=\"2603\" data-start=\"2560\">Comment avez-vous men\u00e9 vos recherches ?<\/strong><br data-end=\"2606\" data-start=\"2603\" \/>  M\u00eame si j\u2019ai pris quelques libert\u00e9s romanesques, j\u2019ai voulu rester fid\u00e8le \u00e0 l\u2019Histoire et \u00e0 ses contextes. J\u2019ai donc constitu\u00e9 au fil des ann\u00e9es une bibliographie impressionnante. Le chroniqueur Giovanni Della Grossa a \u00e9t\u00e9 mon point de d\u00e9part, puis les travaux de Philippe Colombani, Jean-Andr\u00e9 Cancellieri, Vannina Marchi Van Cauwelaert, Damien Broc, Pierre-Fran\u00e7ois di Cara ont enrichi la reconstitution de la Corse m\u00e9di\u00e9vale.<br data-end=\"3037\" data-start=\"3034\" \/>  Pour les autres r\u00e9gions, les recherches de St\u00e9phane P\u00e9quignot sur Jacques II d\u2019Aragon ou celles d\u2019Arturo Ferretto sur Branca Doria m\u2019ont \u00e9t\u00e9 tr\u00e8s utiles. Je me suis aussi appuy\u00e9 sur des sources pr\u00e9cises pour les descriptions : v\u00eatements, urbanisme, architecture, \u00e9v\u00e9nements&#8230; Une th\u00e8se passionnante pr\u00e9sent\u00e9e en 2022 \u00e0 l\u2019Universit\u00e9 McGill, portant sur les grimoires li\u00e9s \u00e0 l\u2019attentat d\u2019Avignon, m\u2019a notamment beaucoup inspir\u00e9. <\/p>\n<p data-end=\"4220\" data-start=\"3466\"><strong data-end=\"3500\" data-start=\"3466\">Ce roman aura-t-il une suite ?<\/strong><br data-end=\"3503\" data-start=\"3500\" \/>  Oui ! Testa Mora est le premier tome d\u2019une saga qui devrait en compter quatre ou cinq. Je l\u2019ai \u00e9crit comme une s\u00e9rie t\u00e9l\u00e9 : chapitres courts, rythme soutenu, sc\u00e8nes visuelles, suspense constant. L\u2019histoire s\u2019\u00e9tendra sur plusieurs g\u00e9n\u00e9rations.<br data-end=\"3750\" data-start=\"3747\" \/>  Le deuxi\u00e8me tome, actuellement en cours d\u2019\u00e9criture, s\u2019attardera davantage sur les seigneurs du Sud, de la Cinarca \u00e0 l\u2019Alta Rocca, en se concentrant notamment sur les quatre fils b\u00e2tards de Giudice, personnages majeurs dans le destin de l\u2019\u00eele. J\u2019envisage aussi d\u2019explorer la p\u00e9riode fascinante de l\u2019\u00e9mergence puis de la pers\u00e9cution des Ghjuvannali. Mais pour l\u2019heure, j\u2019esp\u00e8re que ces premi\u00e8res aventures captiveront autant les lecteurs qu\u2019elles m\u2019ont passionn\u00e9 \u00e0 \u00e9crire. <\/p>\n<p data-end=\"4467\" data-start=\"4227\"><strong data-end=\"4265\" data-start=\"4227\">D\u00e9dicaces\u00a0:<\/strong><br data-end=\"4268\" data-start=\"4265\" \/>  \u2022 <strong data-end=\"4280\" data-start=\"4270\">Bastia<\/strong> \u2013 ce 19 juillet \u00e0 17h30, <strong data-end=\"4324\" data-start=\"4306\">Librairie Alma<\/strong><br data-end=\"4327\" data-start=\"4324\" \/>  \u2022 <strong data-end=\"4340\" data-start=\"4329\">Ajaccio<\/strong> \u2013 le 21 juillet de 15h \u00e0 18 heures, <strong data-end=\"4389\" data-start=\"4371\">Cultura Atrium<\/strong><br data-end=\"4392\" data-start=\"4389\" \/>  \u2022 <strong data-end=\"4411\" data-start=\"4394\">Porto-Vecchio<\/strong> \u2013 le 24 juillet \u00e0 17 heures, <strong data-end=\"4467\" data-start=\"4435\">Librairie Le Verbe du Soleil<\/strong> <\/p>\n<p data-end=\"4579\" data-is-last-node=\"\" data-is-only-node=\"\" data-start=\"4474\">\u00a0 <\/p>\n","protected":false},"excerpt":{"rendered":"Un mot sur vos racines corses ? Je suis Ajaccien, m\u00eame si mes racines plongent dans l\u2019Alta Rocca,&hellip;\n","protected":false},"author":2,"featured_media":259822,"comment_status":"","ping_status":"","sticky":false,"template":"","format":"standard","meta":{"footnotes":""},"categories":[1357],"tags":[5622,5621,6777,1379,5624,11049,2517,11050,11051,11052,58,59,118,1011,27,14914,1380,39994,2487],"class_list":{"0":"post-259821","1":"post","2":"type-post","3":"status-publish","4":"format-standard","5":"has-post-thumbnail","7":"category-livres","8":"tag-ajaccio","9":"tag-bastia","10":"tag-bonjour","11":"tag-books","12":"tag-calvi","13":"tag-cni","14":"tag-corse","15":"tag-corse-net-infos","16":"tag-corsenetinfos","17":"tag-corsica","18":"tag-divertissement","19":"tag-entertainment","20":"tag-faits-divers","21":"tag-fr","22":"tag-france","23":"tag-lingua-corsa","24":"tag-livres","25":"tag-livres-testa-mora-les-rivages-du-destin-de-gilles-antonioli","26":"tag-meteo"},"share_on_mastodon":{"url":"https:\/\/pubeurope.com\/@fr\/114882368306084991","error":""},"_links":{"self":[{"href":"https:\/\/www.europesays.com\/fr\/wp-json\/wp\/v2\/posts\/259821","targetHints":{"allow":["GET"]}}],"collection":[{"href":"https:\/\/www.europesays.com\/fr\/wp-json\/wp\/v2\/posts"}],"about":[{"href":"https:\/\/www.europesays.com\/fr\/wp-json\/wp\/v2\/types\/post"}],"author":[{"embeddable":true,"href":"https:\/\/www.europesays.com\/fr\/wp-json\/wp\/v2\/users\/2"}],"replies":[{"embeddable":true,"href":"https:\/\/www.europesays.com\/fr\/wp-json\/wp\/v2\/comments?post=259821"}],"version-history":[{"count":0,"href":"https:\/\/www.europesays.com\/fr\/wp-json\/wp\/v2\/posts\/259821\/revisions"}],"wp:featuredmedia":[{"embeddable":true,"href":"https:\/\/www.europesays.com\/fr\/wp-json\/wp\/v2\/media\/259822"}],"wp:attachment":[{"href":"https:\/\/www.europesays.com\/fr\/wp-json\/wp\/v2\/media?parent=259821"}],"wp:term":[{"taxonomy":"category","embeddable":true,"href":"https:\/\/www.europesays.com\/fr\/wp-json\/wp\/v2\/categories?post=259821"},{"taxonomy":"post_tag","embeddable":true,"href":"https:\/\/www.europesays.com\/fr\/wp-json\/wp\/v2\/tags?post=259821"}],"curies":[{"name":"wp","href":"https:\/\/api.w.org\/{rel}","templated":true}]}}