{"id":259823,"date":"2025-07-19T22:56:14","date_gmt":"2025-07-19T22:56:14","guid":{"rendered":"https:\/\/www.europesays.com\/fr\/259823\/"},"modified":"2025-07-19T22:56:14","modified_gmt":"2025-07-19T22:56:14","slug":"merci-infiniment-pour-ces-16-annees-de-reve-les-adieux-daudrey-crespo-mara-a-thierry-ardisson","status":"publish","type":"post","link":"https:\/\/www.europesays.com\/fr\/259823\/","title":{"rendered":"\u00ab\u00a0Merci infiniment pour ces 16 ann\u00e9es de r\u00eave\u00a0\u00bb : les adieux d&rsquo;Audrey Crespo-Mara \u00e0 Thierry Ardisson"},"content":{"rendered":"<ul class=\"jsx-862013697 ArticleChapo__List\">\n<li class=\"jsx-862013697 ArticleChapo__List_Item flex\">Au lendemain des fun\u00e9railles de son \u00e9poux Thierry Ardisson, Audrey Crespo-Mara a publi\u00e9 sur les r\u00e9seaux sociaux une lettre adress\u00e9e \u00e0 \u00ab\u00a0son grand amour\u00a0\u00bb.<\/li>\n<li class=\"jsx-862013697 ArticleChapo__List_Item flex\">\u00ab\u00a0Nous nous sommes tant aim\u00e9s. Et nous nous le sommes tant dit\u00a0\u00bb, \u00e9crit-elle dans ce texte qui fait l\u2019\u00e9loge de \u00ab\u00a0l\u2019homme courageux, digne et libre\u00a0\u00bb dont elle partageait la vie.<\/li>\n<li class=\"jsx-862013697 ArticleChapo__List_Item flex\">\u00ab\u00a0La face cach\u00e9e de l\u2019homme en noir\u00a0\u00bb, le documentaire que la journaliste de TF1 a consacr\u00e9 \u00e0 l\u2019animateur de l\u00e9gende, est disponible sur TF1+.<\/li>\n<\/ul>\n<p><a href=\"https:\/\/www.tf1info.fr\/actualite\/thierry-ardisson-est-mort-l-animateur-et-producteur-s-est-eteint-a-76-ans-14316\/\" rel=\"noopener\" class=\"jsx-484472199 Link jsx-1428418400 jsx-798756813\" target=\"_blank\"><\/p>\n<p style=\"font-weight:400\" class=\"jsx-1837267516\">Suivez la couverture compl\u00e8te<\/p>\n<p style=\"font-weight:800\" class=\"jsx-1837267516\">D\u00e9c\u00e8s de l&rsquo;animateur et producteur Thierry Ardisson <\/p>\n<p><\/a><\/p>\n<p data-module=\"article-paragraph\" class=\"jsx-3046738180 Paragraph Paragraph__End\">Elle partage avec le public les derniers mots \u00e0 \u00ab\u00a0son grand amour\u00a0\u00bb. Une expression qu\u2019Audrey Crespo-Mara et Thierry Ardisson avaient transform\u00e9e en rituel. \u00ab\u00a0C\u2019est ce qu\u2019on se disait chaque matin en ouvrant les yeux, chaque soir en les refermant\u00a0\u00bb, \u00e9crit la journaliste de TF1 dans ce texte qu\u2019elle a lu lors des fun\u00e9railles de son \u00e9poux, <a href=\"https:\/\/www.tf1info.fr\/culture\/en-images-stars-et-anonymes-reunis-pour-un-dernier-bonsoir-a-thierry-ardisson-2383522.html\" target=\"_blank\" rel=\"noopener\">qui se sont tenues ce jeudi \u00e0 Paris<\/a>. \u00ab\u00a0Merci infiniment pour ces 16 ann\u00e9es de r\u00eave ! 16 ans, c\u2019est court dans une vie, mais c\u2019est une chance, un miracle de les avoir pass\u00e9es avec toi\u00a0\u00bb, dit-elle en s&rsquo;adressant \u00e0 l&rsquo;animateur <a href=\"https:\/\/www.tf1info.fr\/culture\/mort-thierry-ardisson-76-ans-deces-cancer-du-foie-tout-le-monde-en-parle-salut-les-terriens-il-a-secoue-la-tele-francaise-2382756.html\" target=\"_blank\" rel=\"noopener\">emport\u00e9 par un cancer du foie \u00e0 l&rsquo;\u00e2ge de 76 ans<\/a>.<\/p>\n<p data-module=\"article-paragraph\" class=\"jsx-3046738180 Paragraph Paragraph__End\"><a href=\"https:\/\/www.tf1info.fr\/culture\/programme-tv-mercredi-16-juillet-tf1-la-face-cachee-de-l-homme-en-noir-mort-de-thierry-ardisson-premieres-images-du-documentaire-d-audrey-crespo-mara-diffuse-mercredi-soir-sur-tf1-2382986.html\" target=\"_blank\" rel=\"noopener\">Dans le documentaire La face cach\u00e9e de l\u2019homme en noir<\/a> qu\u2019elle lui a consacr\u00e9 sur TF1 et TF1+, Thierry Ardisson s\u2019\u00e9tait \u00e9mu de <a href=\"https:\/\/www.tf1info.fr\/culture\/programme-tv-tf1-documentaire-la-face-cachee-de-l-homme-en-noir-filme-par-audrey-crespo-mara-thierry-ardisson-s-emeut-de-leur-histoire-d-amour-2383201.html\" target=\"_blank\" rel=\"noopener\">\u00ab\u00a0leur histoire d\u2019amour tr\u00e8s jolie\u00a0\u00bb<\/a> face \u00e0 sa cam\u00e9ra, parlant de \u00ab\u00a0l&rsquo;une des plus belles choses qui lui soit arriv\u00e9e dans la vie\u00a0\u00bb. \u00ab\u00a0Nous nous sommes tant aim\u00e9s. Et nous nous le sommes tant dit\u2026\u00a0\u00bb, acquiesce Audrey Crespo-Mara dans ce texte tr\u00e8s \u00e9mouvant qui rend hommage \u00e0 celui dont elle partageait la vie. Un homme \u00ab\u00a0surprenant, bluffant, sid\u00e9rant\u00a0\u00bb, \u00ab\u00a0attentionn\u00e9 \u00e0 chaque instant, si d\u00e9licat, si sensible\u00a0\u00bb. Mais aussi \u00ab\u00a0courageux \u00e0 chaque instant\u00a0\u00bb, \u00ab\u00a0face \u00e0 la maladie et \u00e0 chaque jour de sa vie\u00a0\u00bb.<\/p>\n<p><a href=\"https:\/\/www.tf1info.fr\/culture\/en-images-stars-et-anonymes-reunis-pour-un-dernier-bonsoir-a-thierry-ardisson-2383522.html\" rel=\"noopener\" class=\"jsx-3308031228 Link flex\" target=\"_blank\"><img decoding=\"async\" src=\"https:\/\/www.europesays.com\/fr\/wp-content\/uploads\/2025\/07\/ardisson-caricature-32f614-0@1x.jpeg\" alt=\"AFP\" loading=\"lazy\" importance=\"low\" fetchpriority=\"low\" class=\"\" aria-hidden=\"true\"\/><\/p>\n<p class=\"jsx-3657663356 ReadMoreArticle__Title\">Lire aussi<\/p>\n<p class=\"jsx-3657663356\">EN IMAGES &#8211; Stars et anonymes r\u00e9unis \u00e0 Paris pour un \u00ab\u00a0dernier bonsoir\u00a0\u00bb \u00e0 Thierry Ardisson<\/p>\n<p><\/a><\/p>\n<p data-module=\"article-paragraph\" class=\"jsx-3046738180 Paragraph Paragraph__End\">\u00ab\u00a0Le dernier soir o\u00f9 tu pouvais encore me parler \u00e0 l\u2019h\u00f4pital, tu m\u2019as dit : &lsquo;Y a longtemps que je serais parti si je ne t\u2019aimais pas\u2019. Alors merci de m\u2019avoir donn\u00e9 un peu plus de temps\u00a0\u00bb, poursuit Audrey Crespo-Mara, entour\u00e9e ce jeudi de leur famille recompos\u00e9e de cinq enfants que Thierry Ardisson surnommait ses \u00ab\u00a0ratounets\u00a0\u00bb. \u00ab\u00a0Tu nous as tant aid\u00e9s, ces derni\u00e8res semaines, ces derniers jours, \u00e0 accepter ce qui nous semblait inacceptable, \u00e0 \u00eatre un peu moins d\u00e9vast\u00e9s\u00a0\u00bb, insiste-t-elle, concluant avec les tout derniers mots du livre de son \u00e9poux. \u00ab\u00a0Pour toujours, mon amour\u00a0\u00bb.<\/p>\n<p>D.D.F.<\/p>\n","protected":false},"excerpt":{"rendered":"Au lendemain des fun\u00e9railles de son \u00e9poux Thierry Ardisson, Audrey Crespo-Mara a publi\u00e9 sur les r\u00e9seaux sociaux une&hellip;\n","protected":false},"author":2,"featured_media":259824,"comment_status":"","ping_status":"","sticky":false,"template":"","format":"standard","meta":{"footnotes":""},"categories":[1356],"tags":[1111,11,1921,17979,39995,58,59,1011,27,1922,2041,626,973,252,199,10058,1364,133,2040],"class_list":{"0":"post-259823","1":"post","2":"type-post","3":"status-publish","4":"format-standard","5":"has-post-thumbnail","7":"category-television","8":"tag-actu","9":"tag-actualites","10":"tag-article-video","11":"tag-audrey-crespo-mara","12":"tag-deces-de-lanimateur-et-producteur-thierry-ardisson","13":"tag-divertissement","14":"tag-entertainment","15":"tag-fr","16":"tag-france","17":"tag-info","18":"tag-medias-et-divertissement","19":"tag-paris","20":"tag-people","21":"tag-television","22":"tag-tf1","23":"tag-thierry-ardisson","24":"tag-tv","25":"tag-video","26":"tag-video-culture"},"share_on_mastodon":{"url":"https:\/\/pubeurope.com\/@fr\/114882372228581204","error":""},"_links":{"self":[{"href":"https:\/\/www.europesays.com\/fr\/wp-json\/wp\/v2\/posts\/259823","targetHints":{"allow":["GET"]}}],"collection":[{"href":"https:\/\/www.europesays.com\/fr\/wp-json\/wp\/v2\/posts"}],"about":[{"href":"https:\/\/www.europesays.com\/fr\/wp-json\/wp\/v2\/types\/post"}],"author":[{"embeddable":true,"href":"https:\/\/www.europesays.com\/fr\/wp-json\/wp\/v2\/users\/2"}],"replies":[{"embeddable":true,"href":"https:\/\/www.europesays.com\/fr\/wp-json\/wp\/v2\/comments?post=259823"}],"version-history":[{"count":0,"href":"https:\/\/www.europesays.com\/fr\/wp-json\/wp\/v2\/posts\/259823\/revisions"}],"wp:featuredmedia":[{"embeddable":true,"href":"https:\/\/www.europesays.com\/fr\/wp-json\/wp\/v2\/media\/259824"}],"wp:attachment":[{"href":"https:\/\/www.europesays.com\/fr\/wp-json\/wp\/v2\/media?parent=259823"}],"wp:term":[{"taxonomy":"category","embeddable":true,"href":"https:\/\/www.europesays.com\/fr\/wp-json\/wp\/v2\/categories?post=259823"},{"taxonomy":"post_tag","embeddable":true,"href":"https:\/\/www.europesays.com\/fr\/wp-json\/wp\/v2\/tags?post=259823"}],"curies":[{"name":"wp","href":"https:\/\/api.w.org\/{rel}","templated":true}]}}