{"id":259830,"date":"2025-07-19T23:01:13","date_gmt":"2025-07-19T23:01:13","guid":{"rendered":"https:\/\/www.europesays.com\/fr\/259830\/"},"modified":"2025-07-19T23:01:13","modified_gmt":"2025-07-19T23:01:13","slug":"aux-francofolies-de-spa-cest-la-premiere-fois-que-je-monte-sur-scene-avec-une-apprehension-confie-amir","status":"publish","type":"post","link":"https:\/\/www.europesays.com\/fr\/259830\/","title":{"rendered":"Aux Francofolies de Spa, \u00ab\u00a0c\u2019est la premi\u00e8re fois que je monte sur sc\u00e8ne avec une appr\u00e9hension\u00a0\u00bb, confie Amir"},"content":{"rendered":"<p><a href=\"https:\/\/www.20minutes.fr\/arts-stars\/culture\/amir\/\" class=\"color-ultramarine c-link\" rel=\"nofollow noopener\" target=\"_blank\">Amir<\/a> au c\u0153ur d\u2019une pol\u00e9mique, r\u00e9pond par un appel au dialogue\u00a0! L\u2019artiste, d\u00e9couvert dans <a href=\"https:\/\/www.20minutes.fr\/television\/the-voice\/\" class=\"color-ultramarine c-link\" rel=\"nofollow noopener\" target=\"_blank\">The Voice<\/a>, a \u00e9t\u00e9 la cible de <a href=\"https:\/\/www.20minutes.fr\/dossier\/cyber_harcelement\" class=\"color-ultramarine c-link\" rel=\"nofollow noopener\" target=\"_blank\">cyberharc\u00e8lement <\/a>et de menaces apr\u00e8s avoir \u00e9t\u00e9 accus\u00e9 par des militants propalestiniens de soutenir la politique de <a href=\"https:\/\/www.20minutes.fr\/dossier\/benyamin_netanyahou\" class=\"color-ultramarine c-link\" rel=\"nofollow noopener\" target=\"_blank\">Benyamin Netanyahou<\/a> \u00e0 <a href=\"https:\/\/www.20minutes.fr\/monde\/gaza\/\" class=\"color-ultramarine c-link\" rel=\"nofollow noopener\" target=\"_blank\">Gaza<\/a>.<\/p>\n<p>La cause\u00a0? Sa participation, il y a des ann\u00e9es, \u00e0 un \u00e9v\u00e9nement dans la colonie controvers\u00e9e d\u2019H\u00e9bron en\u00a02014 et \u00e0 une soir\u00e9e en l\u2019honneur de soldats isra\u00e9liens, point\u00e9e du doigt par un collectif d\u2019artistes.<\/p>\n<p>Dans <a href=\"https:\/\/www.20minutes.fr\/arts-stars\/culture\/musique\/4163821-20250716-francofolies-spa-presence-franco-israelien-amir-irrite-certains-artistes-yoa-annule-concert\" class=\"color-ultramarine c-link\" rel=\"nofollow noopener\" target=\"_blank\">une lettre ouverte<\/a>, ces derniers ont exprim\u00e9 leur malaise face \u00e0 la pr\u00e9sence de l\u2019interpr\u00e8te de J\u2019ai cherch\u00e9 aux Francofolies de Spa, en Belgique. \u00ab\u00a0Nous sommes un ensemble d\u2019artistes mal \u00e0 l\u2019aise par rapport \u00e0 la participation d\u2019Amir au festival, suite aux r\u00e9v\u00e9lations faites par des associations militantes, parce qu\u2019elles t\u00e9moignent de faits qui nous d\u00e9rangent fortement\u00a0\u00bb, confiait l\u2019un des signataires \u00e0 la <a href=\"https:\/\/www.rtbf.be\/article\/la-cause-palestinienne-s-invite-dans-les-festivals-belges-amir-sera-t-il-deprogramme-des-francofolies-de-spa-11575957\" target=\"_blank\" class=\"color-ultramarine c-link\" rel=\"nofollow noopener\">RTBF<\/a>.<\/p>\n<\/p>\n<p>\u00ab\u00a0Une seule r\u00e9ponse \u00e0 la haine, c\u2019est l\u2019art\u00a0\u00bb<\/p>\n<p>Malgr\u00e9 le soutien de l\u2019organisation du festival, sa pr\u00e9sence sur sc\u00e8ne \u00e9tait donc compromise. L\u2019ancien repr\u00e9sentant de la France \u00e0 l\u2019<a href=\"https:\/\/www.20minutes.fr\/arts-stars\/culture\/eurovision\/\" class=\"color-ultramarine c-link\" rel=\"nofollow noopener\" target=\"_blank\">Eurovision<\/a> 2016 est mont\u00e9 sur sc\u00e8ne, port\u00e9 par une vague d\u2019amour de son public, qui l\u2019a acclam\u00e9 sans retenue. \u00ab\u00a0Je ne connais qu\u2019une seule r\u00e9ponse \u00e0 la haine, c\u2019est l\u2019art\u00a0\u00bb, a-t-il d\u00e9clar\u00e9, le c\u0153ur \u00e0 vif, tandis que la foule lui criait des \u00ab\u00a0On t\u2019aime Amir\u00a0\u00bb, comme le rapporte <a href=\"https:\/\/www.leparisien.fr\/culture-loisirs\/musique\/amir-triomphe-aux-francofolies-belges-je-ne-connais-quune-seule-reponse-a-la-haine-cest-lart-18-07-2025-WSNPU24ZOJBIXGFMH3HRNIQARA.php\" target=\"_blank\" class=\"color-ultramarine c-link\" rel=\"nofollow noopener\">Le Parisien<\/a>, t\u00e9moin de la sc\u00e8ne.<\/p>\n<p>Face \u00e0 la pol\u00e9mique, Amir a choisi le dialogue\u00a0: \u00ab\u00a0Je respecte ceux qui s\u2019opposent \u00e0 moi, mais je pense que pour pouvoir avancer, il faut savoir s\u2019\u00e9couter, pour pouvoir avancer vers la paix, il faut savoir dialoguer. Le dialogue, c\u2019est nettement pr\u00e9f\u00e9rable aux interdits et au boycott\u00a0\u00bb, a-t-il lanc\u00e9, pr\u00f4nant l\u2019unit\u00e9 par la musique.<\/p>\n<p>Et quelle meilleure illustration que son tube ensoleill\u00e9 La F\u00eate\u00a0? \u00ab\u00a0Car je ne connais qu\u2019une seule r\u00e9ponse \u00e0 la haine, c\u2019est l\u2019art. L\u2019art, c\u2019est nous, c\u2019est vous, c\u2019est ici, c\u2019est maintenant, c\u2019est la musique. Puisqu\u2019on est tous l\u00e0, r\u00e9unis ce soir, je voudrais que l\u2019on ne chante que d\u2019une seule voix et que ce chant s\u2019\u00e9l\u00e8ve beaucoup plus fort que le tumulte\u00a0\u00bb, a-t-il ajout\u00e9, transformant la temp\u00eate en une c\u00e9l\u00e9bration collective.<\/p>\n<p>\u00c0 la fin de son concert, Amir a savour\u00e9 ce moment de communion avec la foule. \u00ab\u00a0Apr\u00e8s des ann\u00e9es de sc\u00e8ne, c\u2019est la premi\u00e8re fois que je monte sur sc\u00e8ne avec une appr\u00e9hension ce soir. Mais vous venez de m\u2019apprendre que la vraie vie, elle est ici et pas sur les r\u00e9seaux sociaux\u00a0\u00bb, a d\u00e9clar\u00e9 le chanteur. Une r\u00e9ponse \u00e0 ses d\u00e9tracteurs en ch\u0153ur et avec du c\u0153ur\u00a0!<\/p>\n","protected":false},"excerpt":{"rendered":"Amir au c\u0153ur d\u2019une pol\u00e9mique, r\u00e9pond par un appel au dialogue\u00a0! L\u2019artiste, d\u00e9couvert dans The Voice, a \u00e9t\u00e9&hellip;\n","protected":false},"author":2,"featured_media":259831,"comment_status":"","ping_status":"","sticky":false,"template":"","format":"standard","meta":{"footnotes":""},"categories":[8],"tags":[33287,3259,251,9001,58,59,1011,27,665,1062],"class_list":{"0":"post-259830","1":"post","2":"type-post","3":"status-publish","4":"format-standard","5":"has-post-thumbnail","7":"category-divertissement","8":"tag-amir","9":"tag-conflit-israelo-palestinien","10":"tag-culture","11":"tag-cyberharcelement","12":"tag-divertissement","13":"tag-entertainment","14":"tag-fr","15":"tag-france","16":"tag-gaza","17":"tag-polemique"},"share_on_mastodon":{"url":"https:\/\/pubeurope.com\/@fr\/114882392097893372","error":""},"_links":{"self":[{"href":"https:\/\/www.europesays.com\/fr\/wp-json\/wp\/v2\/posts\/259830","targetHints":{"allow":["GET"]}}],"collection":[{"href":"https:\/\/www.europesays.com\/fr\/wp-json\/wp\/v2\/posts"}],"about":[{"href":"https:\/\/www.europesays.com\/fr\/wp-json\/wp\/v2\/types\/post"}],"author":[{"embeddable":true,"href":"https:\/\/www.europesays.com\/fr\/wp-json\/wp\/v2\/users\/2"}],"replies":[{"embeddable":true,"href":"https:\/\/www.europesays.com\/fr\/wp-json\/wp\/v2\/comments?post=259830"}],"version-history":[{"count":0,"href":"https:\/\/www.europesays.com\/fr\/wp-json\/wp\/v2\/posts\/259830\/revisions"}],"wp:featuredmedia":[{"embeddable":true,"href":"https:\/\/www.europesays.com\/fr\/wp-json\/wp\/v2\/media\/259831"}],"wp:attachment":[{"href":"https:\/\/www.europesays.com\/fr\/wp-json\/wp\/v2\/media?parent=259830"}],"wp:term":[{"taxonomy":"category","embeddable":true,"href":"https:\/\/www.europesays.com\/fr\/wp-json\/wp\/v2\/categories?post=259830"},{"taxonomy":"post_tag","embeddable":true,"href":"https:\/\/www.europesays.com\/fr\/wp-json\/wp\/v2\/tags?post=259830"}],"curies":[{"name":"wp","href":"https:\/\/api.w.org\/{rel}","templated":true}]}}