{"id":259834,"date":"2025-07-19T23:03:13","date_gmt":"2025-07-19T23:03:13","guid":{"rendered":"https:\/\/www.europesays.com\/fr\/259834\/"},"modified":"2025-07-19T23:03:13","modified_gmt":"2025-07-19T23:03:13","slug":"voici-ce-qui-change-pour-les-couples","status":"publish","type":"post","link":"https:\/\/www.europesays.com\/fr\/259834\/","title":{"rendered":"voici ce qui change pour les couples"},"content":{"rendered":"<p>En 2019, la mise en place du pr\u00e9l\u00e8vement \u00e0 la source a n\u00e9cessit\u00e9 l\u2019\u00e9laboration d\u2019un taux afin de calculer votre imp\u00f4t sur le revenu \u00e0 payer.<\/p>\n<p>Il est d\u00e9termin\u00e9 par l\u2019administration fiscale \u00e0 partir de votre derni\u00e8re d\u00e9claration de revenus. En r\u00e9alit\u00e9, il est calcul\u00e9 deux fois durant l\u2019ann\u00e9e. <\/p>\n<p>Entre janvier et ao\u00fbt, il d\u00e9pend des revenus de l\u2019ann\u00e9e\u00a0N-2 (les revenus de 2023 pour l\u2019ann\u00e9e\u00a02025). De septembre \u00e0 d\u00e9cembre, il prend en compte votre nouvelle d\u00e9claration et d\u00e9pend des revenus de l\u2019ann\u00e9e\u00a0N-1 (ceux de 2024 pour l\u2019ann\u00e9e\u00a02025).<\/p>\n<p>  <strong>L\u2019inversion du d\u00e9faut<\/strong><\/p>\n<p>Or, \u00e0 compter du 1er septembre 2025, l\u2019administration fiscale va modifier une r\u00e8gle pour l\u2019imposition des personnes en couple, mari\u00e9es ou pacs\u00e9es. <\/p>\n<p>Jusqu\u2019\u00e0 pr\u00e9sent, en effet, elle retenait un taux unique, appel\u00e9 taux du foyer, pour leur imposition commune. Appliqu\u00e9 par d\u00e9faut, il pouvait \u00eatre modifi\u00e9 sur option des contribuables pour que soit pris en compte un taux individualis\u00e9 pour chacun des \u00e9poux ou pacs\u00e9s.<\/p>\n<p> C\u2019est dor\u00e9navant ce taux individualis\u00e9 qui sera appliqu\u00e9 par d\u00e9faut. Autrement dit, votre avis d\u2019imp\u00f4t pr\u00e9sentera deux taux et non plus un seul.<\/p>\n<p><strong>Une volont\u00e9 d\u2019\u00e9quit\u00e9<\/strong><\/p>\n<p>Cette inversion du taux par d\u00e9faut a \u00e9t\u00e9 motiv\u00e9e par une volont\u00e9 d\u2019\u00e9quit\u00e9, afin de mieux r\u00e9partir la charge fiscale au sein du couple. <\/p>\n<p>Avec le taux individualis\u00e9, chacun est impos\u00e9 selon ses revenus\u2009; ce qui peut avoir des cons\u00e9quences importantes pour les couples dont les r\u00e9mun\u00e9rations sont tr\u00e8s h\u00e9t\u00e9rog\u00e8nes. <\/p>\n<p>Ainsi, des salari\u00e9s pourront avoir l\u2019impression que leur salaire a augment\u00e9 puisque leur retenue fiscale sera moindre, et inversement pour d\u2019autres. <\/p>\n<p>\u00c0 noter toutefois qu\u2019il ne s\u2019appliquera que sur les revenus personnels des conjoints. Ceux qui leur sont communs, tels que les revenus fonciers, par exemple, resteront soumis au taux du foyer. <\/p>\n<p>  <strong>On peut changer\u2026 mais plus tard<\/strong><\/p>\n<p>Lors de votre t\u00e9l\u00e9d\u00e9claration, il vous \u00e9tait possible d\u2019opter pour le maintien du taux du foyer. Le fisc a aussi permis cette option jusqu\u2019au 30 juin dans la rubrique \u00ab\u2009Maintenir le taux foyer de votre pr\u00e9l\u00e8vement \u00e0 la source\u2009\u00bb au sein du service \u00ab\u2009G\u00e9rer mon pr\u00e9l\u00e8vement \u00e0 la source\u2009\u00bb.<\/p>\n<p>Dor\u00e9navant, il vous faudra attendre votre d\u00e9claration de 2026 pour le faire.<\/p>\n","protected":false},"excerpt":{"rendered":"En 2019, la mise en place du pr\u00e9l\u00e8vement \u00e0 la source a n\u00e9cessit\u00e9 l\u2019\u00e9laboration d\u2019un taux afin de&hellip;\n","protected":false},"author":2,"featured_media":259835,"comment_status":"","ping_status":"","sticky":false,"template":"","format":"standard","meta":{"footnotes":""},"categories":[6],"tags":[35,6084,33,34,107,1011,27,1031,3455,15108],"class_list":{"0":"post-259834","1":"post","2":"type-post","3":"status-publish","4":"format-standard","5":"has-post-thumbnail","7":"category-economie","8":"tag-business","9":"tag-droit","10":"tag-economie","11":"tag-economy","12":"tag-fil-info","13":"tag-fr","14":"tag-france","15":"tag-magazine","16":"tag-magazine-immobilier","17":"tag-magazine-lifestyle"},"share_on_mastodon":{"url":"https:\/\/pubeurope.com\/@fr\/114882399750574168","error":""},"_links":{"self":[{"href":"https:\/\/www.europesays.com\/fr\/wp-json\/wp\/v2\/posts\/259834","targetHints":{"allow":["GET"]}}],"collection":[{"href":"https:\/\/www.europesays.com\/fr\/wp-json\/wp\/v2\/posts"}],"about":[{"href":"https:\/\/www.europesays.com\/fr\/wp-json\/wp\/v2\/types\/post"}],"author":[{"embeddable":true,"href":"https:\/\/www.europesays.com\/fr\/wp-json\/wp\/v2\/users\/2"}],"replies":[{"embeddable":true,"href":"https:\/\/www.europesays.com\/fr\/wp-json\/wp\/v2\/comments?post=259834"}],"version-history":[{"count":0,"href":"https:\/\/www.europesays.com\/fr\/wp-json\/wp\/v2\/posts\/259834\/revisions"}],"wp:featuredmedia":[{"embeddable":true,"href":"https:\/\/www.europesays.com\/fr\/wp-json\/wp\/v2\/media\/259835"}],"wp:attachment":[{"href":"https:\/\/www.europesays.com\/fr\/wp-json\/wp\/v2\/media?parent=259834"}],"wp:term":[{"taxonomy":"category","embeddable":true,"href":"https:\/\/www.europesays.com\/fr\/wp-json\/wp\/v2\/categories?post=259834"},{"taxonomy":"post_tag","embeddable":true,"href":"https:\/\/www.europesays.com\/fr\/wp-json\/wp\/v2\/tags?post=259834"}],"curies":[{"name":"wp","href":"https:\/\/api.w.org\/{rel}","templated":true}]}}