{"id":259838,"date":"2025-07-19T23:05:12","date_gmt":"2025-07-19T23:05:12","guid":{"rendered":"https:\/\/www.europesays.com\/fr\/259838\/"},"modified":"2025-07-19T23:05:12","modified_gmt":"2025-07-19T23:05:12","slug":"des-automobilistes-agresses-par-une-centaine-de-personnes-neuf-policiers-blesses","status":"publish","type":"post","link":"https:\/\/www.europesays.com\/fr\/259838\/","title":{"rendered":"des automobilistes agress\u00e9s par une centaine de personnes, neuf policiers bless\u00e9s"},"content":{"rendered":"<p class=\"article-p mdl\">Une <strong>centaine de personnes cagoul\u00e9es et arm\u00e9es ont bloqu\u00e9 la RN 141 \u00e0 Limoges<\/strong>, dans la nuit du vendredi 18 au samedi 19 juillet et s&rsquo;en sont prises \u00e0 des v\u00e9hicules en circulation, \u00ab\u00a0principalement par des tirs de mortiers\u00a0\u00bb, explique la pr\u00e9fecture.<\/p>\n<p class=\"article-p mdl\">Selon le secr\u00e9taire d\u00e9partemental du syndicat de police Alliance,\u00a0Laurent Nadeau, il y a eu \u00ab\u00a0entre 100 et 150 individus [&#8230;] <strong>arm\u00e9s de cocktails Molotov, mortiers, cailloux, barres de fer et battes de baseball<\/strong>\u00ab\u00a0.<\/p>\n<p class=\"article-p mdl\">\u00ab\u00a0Certains ve\u0301hicules e\u0301taient <strong>occupe\u0301s par des familles, en pre\u0301sence d\u2019enfants mineurs<\/strong>.\u00a0Un des automobilistes a e\u0301te\u0301 contraint de sortir de son ve\u0301hicule par ces individus cagoule\u0301s, lesquels ont pris la fuite a\u0300 bord de celui-ci. Le ve\u0301hicule a e\u0301te\u0301 retrouve\u0301 en feu peu apre\u0300s\u00a0\u00bb, a pr\u00e9cis\u00e9\u00a0\u00c9milie Abrantes, procureure de la R\u00e9publique \u00e0\u00a0Limoges.<\/p>\n<p class=\"article-p mdl\">Pour le moment, <strong>\u00ab\u00a0<\/strong><strong>huit plaintes sont recense\u0301es\u00a0\u00bb<\/strong>, a expliqu\u00e9 la magistrate. \u00ab\u00a0Aucun des automobilistes n\u2019a e\u0301te\u0301 violente\u0301 physiquement, pour autant, plusieurs sont particulie\u0300rement choque\u0301s.\u00a0\u00bb<\/p>\n<p class=\"article-p mdl\">Peu apr\u00e8s le d\u00e9but des hostilit\u00e9s, qui ont commenc\u00e9 vers 1 h du matin \u00e0 proximit\u00e9 du quartier populaire du Val de l&rsquo;Aurence, les forces de l&rsquo;ordre sont intervenues, faisant usage de lanceurs de balles de d\u00e9fense (LBD)\u00a0et de gaz lacrymog\u00e8nes. Les\u00a0\u00e9chauffour\u00e9es se sont termin\u00e9es vers 4 h.<\/p>\n<p class=\"article-p mdl\"><strong>Neuf policiers ont \u00e9t\u00e9 bless\u00e9s<\/strong>, dont huit qui souffrent d&rsquo;acouph\u00e8nes. Le neuvi\u00e8me pr\u00e9sente une blessure \u00e0 une main, selon le parquet de Limoges.<\/p>\n<p>            \u00ab\u00a0L&rsquo;envie de d\u00e9truire\u00a0\u00bb<\/p>\n<p class=\"article-p mdl\">\u00ab\u00a0<strong>C&rsquo;est une gu\u00e9rilla urbaine\u00a0\u00bb<\/strong>, a d\u00e9nonc\u00e9 \u00c9mile Roger Lombertie, maire (LR) de\u00a0Limoges. \u00ab\u00a0Ils sont organis\u00e9s, structur\u00e9s, c&rsquo;est programm\u00e9. Il y a un plan, un armement, un guet-apens donn\u00e9 aux policiers et aux usagers de la route\u00a0\u00bb, a-t-il d\u00e9plor\u00e9.\u00a0\u00ab\u00a0Ce n&rsquo;est pas une manifestation spontan\u00e9e pour r\u00e2ler contre quelque chose. Il n&rsquo;y a pas de pr\u00e9texte. Rien. <strong>Il y a l&rsquo;envie de d\u00e9truire et de montrer que le territoire vous appartient<\/strong>\u00ab\u00a0, a-t-il insist\u00e9.<\/p>\n<p class=\"article-p mdl\">Une <strong>enqu\u00eate en flagrance a \u00e9t\u00e9 ouverte <\/strong>pour\u00a0participation avec arme a\u0300 un attroupement, violences sur fonctionnaires de la police nationale, extorsion aggrave\u0301e et de\u0301gradations en bande organise\u0301e du bien d\u2019autrui par moyen dangereux pour les personnes, a indiqu\u00e9\u00a0\u00c9milie Abrantes.<\/p>\n<p class=\"article-p mdl\">Cette nuit d&rsquo;\u00e9chauffour\u00e9es <strong>fait suite \u00e0 d&rsquo;autres heurts survenus dans la m\u00eame zone le soir du 14-Juillet<\/strong>.\u00a0\u00ab\u00a0\u00c7a fait quatre ou cinq ans que \u00e7a explose dans ce quartier. Pour moi, il y a danger\u00a0\u00bb, a soulign\u00e9 \u00c9mile Roger Lombertie, d\u00e9crivant un \u00ab\u00a0quartier de grande pauvret\u00e9 avec des jeunes issus d&rsquo;immigration\u00a0\u00bb devenu selon lui \u00ab\u00a0une zone de non-droit\u00a0\u00bb.<\/p>\n<p class=\"article-p mdl\">Le minist\u00e8re de l&rsquo;Int\u00e9rieur a annonc\u00e9 le<strong> d\u00e9ploiement \u00e0\u00a0Limoges\u00a0de la compagnie de CRS 82<\/strong>, bas\u00e9e \u00e0 Saint-Herblain (Loire-Atlantique) et sp\u00e9cialis\u00e9e dans le maintien de l&rsquo;ordre.<\/p>\n<p>    La r\u00e9daction vous recommande<\/p>\n<p class=\"s-newsletter__title\">\n                L\u2019actualit\u00e9 par la r\u00e9daction de RTL dans votre bo\u00eete mail.\n            <\/p>\n<p class=\"s-newsletter__subtitle\">\n                Gr\u00e2ce \u00e0 votre compte RTL abonnez-vous \u00e0 la newsletter RTL info pour suivre toute l&rsquo;actualit\u00e9 au quotidien\n            <\/p>\n<p>\n                                    Lire la suite\n                                <\/p>\n","protected":false},"excerpt":{"rendered":"Une centaine de personnes cagoul\u00e9es et arm\u00e9es ont bloqu\u00e9 la RN 141 \u00e0 Limoges, dans la nuit du&hellip;\n","protected":false},"author":2,"featured_media":249462,"comment_status":"","ping_status":"","sticky":false,"template":"","format":"standard","meta":{"footnotes":""},"categories":[4],"tags":[11,118,107,1011,27,2193,12,1072,25],"class_list":{"0":"post-259838","1":"post","2":"type-post","3":"status-publish","4":"format-standard","5":"has-post-thumbnail","7":"category-france","8":"tag-actualites","9":"tag-faits-divers","10":"tag-fil-info","11":"tag-fr","12":"tag-france","13":"tag-limoges","14":"tag-news","15":"tag-police","16":"tag-republique-francaise"},"share_on_mastodon":{"url":"https:\/\/pubeurope.com\/@fr\/114882407539697340","error":""},"_links":{"self":[{"href":"https:\/\/www.europesays.com\/fr\/wp-json\/wp\/v2\/posts\/259838","targetHints":{"allow":["GET"]}}],"collection":[{"href":"https:\/\/www.europesays.com\/fr\/wp-json\/wp\/v2\/posts"}],"about":[{"href":"https:\/\/www.europesays.com\/fr\/wp-json\/wp\/v2\/types\/post"}],"author":[{"embeddable":true,"href":"https:\/\/www.europesays.com\/fr\/wp-json\/wp\/v2\/users\/2"}],"replies":[{"embeddable":true,"href":"https:\/\/www.europesays.com\/fr\/wp-json\/wp\/v2\/comments?post=259838"}],"version-history":[{"count":0,"href":"https:\/\/www.europesays.com\/fr\/wp-json\/wp\/v2\/posts\/259838\/revisions"}],"wp:featuredmedia":[{"embeddable":true,"href":"https:\/\/www.europesays.com\/fr\/wp-json\/wp\/v2\/media\/249462"}],"wp:attachment":[{"href":"https:\/\/www.europesays.com\/fr\/wp-json\/wp\/v2\/media?parent=259838"}],"wp:term":[{"taxonomy":"category","embeddable":true,"href":"https:\/\/www.europesays.com\/fr\/wp-json\/wp\/v2\/categories?post=259838"},{"taxonomy":"post_tag","embeddable":true,"href":"https:\/\/www.europesays.com\/fr\/wp-json\/wp\/v2\/tags?post=259838"}],"curies":[{"name":"wp","href":"https:\/\/api.w.org\/{rel}","templated":true}]}}