{"id":259845,"date":"2025-07-19T23:14:10","date_gmt":"2025-07-19T23:14:10","guid":{"rendered":"https:\/\/www.europesays.com\/fr\/259845\/"},"modified":"2025-07-19T23:14:10","modified_gmt":"2025-07-19T23:14:10","slug":"factures-deau-un-delai-de-paiement-au-1er-octobre-pour-les-habitants-de-sud-sainte-baume","status":"publish","type":"post","link":"https:\/\/www.europesays.com\/fr\/259845\/","title":{"rendered":"Factures d\u2019eau: un d\u00e9lai de paiement au 1er octobre pour les habitants de Sud-Sainte Baume"},"content":{"rendered":"<p>Seul L\u2019avenir dira comment il a \u00e9t\u00e9 re\u00e7u, mais assur\u00e9ment, cette fois, le message est pass\u00e9 avec nettet\u00e9.<\/p>\n<p>Une semaine apr\u00e8s la cacophonie de la premi\u00e8re r\u00e9union (qui avait refus\u00e9 du monde) sur le prix de l\u2019eau dont la tr\u00e8s forte hausse des factures inqui\u00e8te les usagers du Beausset et des communes du haut pays (1) (Var-matin du 11 juillet 2025), la seconde, organis\u00e9e jeudi soir, toujours dans une salle de l\u2019espace Azur comble, a \u00e9t\u00e9 plus apais\u00e9e. Devant un public polic\u00e9.<\/p>\n<p>\u00c0 la tribune (ci-dessous photo en m\u00e9daillon de g. \u00e0 d.) les initiateurs de cette r\u00e9union: Blandine Monier, ex-pr\u00e9sidente de la communaut\u00e9 d\u2019agglom\u00e9ration Sud Sainte Baume (CASSB) \u00e0 qui la comp\u00e9tence eau et assainissement a \u00e9t\u00e9 transf\u00e9r\u00e9e en 2019, \u00c9douard Friedler, maire du Beausset, Laurent Janselme et Christophe Kleinklaus, repr\u00e9sentants du d\u00e9l\u00e9gataire Veolia. Avec Patrick Gabet, chef de mission promotion \u00e0 l\u2019animation et \u00e0 la pr\u00e9sentation des donn\u00e9es projet\u00e9es via un diaporama.<\/p>\n<p>Regrets du maire quant \u00e0 la communication insatisfaisante<\/p>\n<p>\u00ab\u00a0Je regrette que la communication aupr\u00e8s du grand public qui n\u2019a eu lieu que le 9 juillet n\u2019ait pas \u00e9t\u00e9 satisfaisante, alors que j\u2019avais communiqu\u00e9 lors des conseils municipaux de novembre et de d\u00e9cembre 2024, les tarifs de l\u2019eau de la nouvelle d\u00e9l\u00e9gation de service publique, a appuy\u00e9 en liminaire \u00c9douard Friedler, regrettant \u00e9galement une premi\u00e8re facture d\u2019eau parfois illisible\u00a0\u00bb.<\/p>\n<p>Bonne nouvelle, et nouveaut\u00e9: Veolia propose un d\u00e9lai de paiement jusqu\u2019au 1er octobre et une possibilit\u00e9 de paiement en trois \u00e0 cinq fois sans frais, ainsi que la mensualisation \u00e0 partir de la prochaine facture.<\/p>\n<p>Rappelons qu\u2019un fonds de solidarit\u00e9 est aussi mis en place pour les familles d\u00e9favoris\u00e9es et que des permanences sont organis\u00e9es dans chaque commune. De m\u00eame, un accueil physique, t\u00e9l\u00e9phonique ou en visio est \u00e9galement assur\u00e9 par Veolia.<\/p>\n<p>Si, la premi\u00e8re facture est aussi \u00e9lev\u00e9e c\u2019est parce qu\u2019elle englobe l\u2019abonnement du 1er et 2e semestre, la facture de la consommation d\u2019eau et celle de l\u2019assainissement (pour certaines communes) ainsi qu\u2019un reliquat de la consommation de 2024.<\/p>\n<p>Et si le prix de l\u2019eau a augment\u00e9 (de 2,53 euros \u00e0 2,58 euros par mois au Beausset), c\u2019est pour assurer la fiabilit\u00e9 et la qualit\u00e9 des r\u00e9seaux. Avec 4,7 millions d\u2019euros d\u2019investissements programm\u00e9s par Veolia dans le haut pays et 1 million d\u2019euros par l\u2019agglo.<\/p>\n<p>Le double abonnement (Veolia, CASSB) est rendu n\u00e9cessaire par des objectifs diff\u00e9rents de travaux engag\u00e9s et se paye en avance comme tous les abonnements (EDF, t\u00e9l\u00e9phone).<\/p>\n<p>Pour harmoniser la tarification le choix de trois tranches a \u00e9t\u00e9 d\u00e9cid\u00e9 (0 \u00e0 30m3, 31 \u00e0 60m3, au-del\u00e0 de 60m3) avec une volont\u00e9 d\u2019incitation aux \u00e9conomies de la ressource.<\/p>\n<p>Enfin, le r\u00e9seau actuel n\u00e9cessite d\u2019importants travaux urgents qui ne pouvaient pas \u00eatre engag\u00e9s en r\u00e9gie, les d\u00e9l\u00e9gataires (Suez pour les communes du littoral) disposant de capacit\u00e9s techniques et financi\u00e8res, ce qui n\u2019est pas le cas de la CASSB.<\/p>\n<p>Une r\u00e9\u00e9valuation pourra cependant \u00eatre op\u00e9r\u00e9e \u00e0 la fin du contrat. Sachant que le choix des d\u00e9l\u00e9gataires a \u00e9t\u00e9 fait dans le cadre d\u2019une mise en concurrence.<\/p>\n<p>1 Le Beausset, La Cadi\u00e8re, \u00c9venos, Le Castellet, Signes.\u00a0Renseignements : <a href=\"http:\/\/www.agglo-sudsaintebaume.fr\" target=\"_blank\" rel=\"noopener\">www.agglo-sudsaintebaume.fr<\/a><\/p>\n","protected":false},"excerpt":{"rendered":"Seul L\u2019avenir dira comment il a \u00e9t\u00e9 re\u00e7u, mais assur\u00e9ment, cette fois, le message est pass\u00e9 avec nettet\u00e9.&hellip;\n","protected":false},"author":2,"featured_media":259846,"comment_status":"","ping_status":"","sticky":false,"template":"","format":"standard","meta":{"footnotes":""},"categories":[9619],"tags":[1111,11,1777,674,1011,27,12,882,25,2310,3366],"class_list":{"0":"post-259845","1":"post","2":"type-post","3":"status-publish","4":"format-standard","5":"has-post-thumbnail","7":"category-toulon","8":"tag-actu","9":"tag-actualites","10":"tag-eu","11":"tag-europe","12":"tag-fr","13":"tag-france","14":"tag-news","15":"tag-provence-alpes-cote-dazur","16":"tag-republique-francaise","17":"tag-toulon","18":"tag-vie-locale"},"share_on_mastodon":{"url":"https:\/\/pubeurope.com\/@fr\/114882442848298807","error":""},"_links":{"self":[{"href":"https:\/\/www.europesays.com\/fr\/wp-json\/wp\/v2\/posts\/259845","targetHints":{"allow":["GET"]}}],"collection":[{"href":"https:\/\/www.europesays.com\/fr\/wp-json\/wp\/v2\/posts"}],"about":[{"href":"https:\/\/www.europesays.com\/fr\/wp-json\/wp\/v2\/types\/post"}],"author":[{"embeddable":true,"href":"https:\/\/www.europesays.com\/fr\/wp-json\/wp\/v2\/users\/2"}],"replies":[{"embeddable":true,"href":"https:\/\/www.europesays.com\/fr\/wp-json\/wp\/v2\/comments?post=259845"}],"version-history":[{"count":0,"href":"https:\/\/www.europesays.com\/fr\/wp-json\/wp\/v2\/posts\/259845\/revisions"}],"wp:featuredmedia":[{"embeddable":true,"href":"https:\/\/www.europesays.com\/fr\/wp-json\/wp\/v2\/media\/259846"}],"wp:attachment":[{"href":"https:\/\/www.europesays.com\/fr\/wp-json\/wp\/v2\/media?parent=259845"}],"wp:term":[{"taxonomy":"category","embeddable":true,"href":"https:\/\/www.europesays.com\/fr\/wp-json\/wp\/v2\/categories?post=259845"},{"taxonomy":"post_tag","embeddable":true,"href":"https:\/\/www.europesays.com\/fr\/wp-json\/wp\/v2\/tags?post=259845"}],"curies":[{"name":"wp","href":"https:\/\/api.w.org\/{rel}","templated":true}]}}