{"id":259849,"date":"2025-07-19T23:17:14","date_gmt":"2025-07-19T23:17:14","guid":{"rendered":"https:\/\/www.europesays.com\/fr\/259849\/"},"modified":"2025-07-19T23:17:14","modified_gmt":"2025-07-19T23:17:14","slug":"30-ans-dinclusion-racontes-par-cyril-andre","status":"publish","type":"post","link":"https:\/\/www.europesays.com\/fr\/259849\/","title":{"rendered":"30 ans d\u2019inclusion racont\u00e9s par Cyril Andr\u00e9"},"content":{"rendered":"<p>            Par<br \/>\n        <strong><br \/>\n            <a href=\"https:\/\/actu.fr\/auteur\/lea-pippinato\" title=\"Consulter tous les articles de L\u00e9a Pippinato\" rel=\"nofollow noopener\" target=\"_blank\">L\u00e9a Pippinato<\/a><br \/>\n        <\/strong><\/p>\n<p>        Publi\u00e9 le<\/p>\n<p>            19 juil. 2025 \u00e0 16h21        <\/p>\n<p>Fond\u00e9 en<strong> 1995<\/strong> par <strong>Cyril Andr\u00e9<\/strong>, le Montpellier Culture Sport Adapt\u00e9 (MCSA) est devenu en 30 ans une r\u00e9f\u00e9rence pour la pratique du sport chez les personnes en situation de handicap mental, psychique ou atteintes de troubles du d\u00e9veloppement comme l\u2019autisme. Ce club unique \u00e0 Montpellier, affili\u00e9 \u00e0 <a href=\"https:\/\/sportadapte.fr\" rel=\"nofollow noopener\" target=\"_blank\">la F\u00e9d\u00e9ration fran\u00e7aise de sport adapt\u00e9<\/a>, s\u2019est progressivement impos\u00e9 comme un acteur majeur du territoire.\u00a0<\/p>\n<p>    <a href=\"https:\/\/www.google.com\/maps\/embed?pb=!1m18!1m12!1m3!1d2889.041366397265!2d3.9061891999999996!3d43.6056803!2m3!1f0!2f0!3f0!3m2!1i1024!2i768!4f13.1!3m3!1m2!1s0x12b6af0de478f1c1%3A0x44c5325b5facfa9b!2sMontpellier%20Culture%20Sport%20Adapt%C3%A9!5e0!3m2!1sfr!2sfr!4v1743325942192!5m2!1sfr!2sfr\" title=\"Ouvrie le lien\" rel=\"nofollow noopener\" target=\"_blank\">Cliquez ici pour visualiser le contenu<\/a><\/p>\n<p>En 2025, le MCSA f\u00eate ses 30 ans. Quel sentiment vous habite en repensant aux d\u00e9buts de cette aventure ?<\/p>\n<p class=\" wall-content\">C\u2019est un sentiment de fiert\u00e9, bien s\u00fbr, mais surtout beaucoup de surprise. On ne pensait vraiment pas en \u00eatre l\u00e0, 30 ans apr\u00e8s. \u00c0 l\u2019\u00e9poque, nous \u00e9tions une petite \u00e9quipe de jeunes \u00e9ducateurs sp\u00e9cialis\u00e9s dans un institut m\u00e9dico-\u00e9ducatif (IME) de Montpellier. Nous avions remarqu\u00e9 \u00e0 quel point les jeunes \u00e9taient isol\u00e9s, enferm\u00e9s dans leur \u00e9tablissement. Nous voulions simplement leur permettre de sortir, de rencontrer d\u2019autres personnes, de vivre une vie sociale plus riche. On a commenc\u00e9 modestement, avec une petite association sportive interne \u00e0 l\u2019\u00e9tablissement. Puis, voyant l\u2019int\u00e9r\u00eat grandissant des jeunes, nous avons progressivement \u00e9largi notre projet, jusqu\u2019\u00e0 cr\u00e9er un v\u00e9ritable club omnisport autonome. Aujourd\u2019hui, en regardant tout ce parcours, on se rend compte du chemin parcouru et du changement op\u00e9r\u00e9 dans les mentalit\u00e9s.<\/p>\n<p>Qu\u2019est-ce qui distingue un club comme le v\u00f4tre d\u2019un club \u00ab\u00a0ordinaire\u00a0\u00bb avec une section adapt\u00e9e ?<\/p>\n<p class=\" wall-content\">D\u00e8s le d\u00e9part, nous avons construit le MCSA exclusivement pour r\u00e9pondre aux besoins des personnes en situation de handicap mental ou psychique. Toute notre d\u00e9marche est tourn\u00e9e vers eux. Nous proposons aujourd\u2019hui neuf disciplines : natation, football, judo, tir \u00e0 l\u2019arc, tennis, padel, activit\u00e9s motrices adapt\u00e9es, entre autres. L\u2019accompagnement est totalement individualis\u00e9 selon le handicap, les capacit\u00e9s physiques ou intellectuelles et les objectifs de chaque sportif. Le MCSA s\u2019appuie sur cinq \u00e0 six \u00e9ducateurs sportifs dipl\u00f4m\u00e9s universitaires en activit\u00e9s physiques adapt\u00e9es (APA). Trois sont en CDI, les autres en CDD selon les besoins. L\u2019une de ces salari\u00e9es g\u00e8re exclusivement notre projet \u00ab\u00a0s\u00e9jours-vacances adapt\u00e9s\u00a0\u00bb, un programme tr\u00e8s complet qui propose des vacances sportives \u00e0 environ 70 personnes chaque ann\u00e9e, \u00e9t\u00e9 comme hiver. Ce projet est une r\u00e9ponse aux besoins exprim\u00e9s par les aidants, pour lesquelles ces s\u00e9jours repr\u00e9sentent un moment de r\u00e9pit.<\/p>\n<p>Comment s\u2019est faite la transition entre ces premi\u00e8res actions et la cr\u00e9ation du club tel qu\u2019on le conna\u00eet aujourd\u2019hui ?<\/p>\n<p class=\" wall-content\">Pendant les dix \u00e0 quinze premi\u00e8res ann\u00e9es, nos activit\u00e9s \u00e9taient essentiellement internes \u00e0 l\u2019IME. Puis, nous avons d\u00e9cid\u00e9 d\u2019institutionnaliser r\u00e9ellement le club, en sortant d\u00e9finitivement des \u00e9tablissements sp\u00e9cialis\u00e9s pour occuper les installations sportives municipales comme tout autre club ordinaire. Au d\u00e9part, convaincre de la pertinence de ce mod\u00e8le n\u2019a pas \u00e9t\u00e9 simple. Proposer des activit\u00e9s sportives adapt\u00e9es, et surtout de la comp\u00e9tition, surprenait beaucoup de monde. Il a fallu convaincre, d\u00e9montrer l\u2019int\u00e9r\u00eat et la faisabilit\u00e9 du projet \u00e9tape apr\u00e8s \u00e9tape.<\/p>\n<p>Vid\u00e9os : en ce moment sur ActuAu-del\u00e0 du sport, quels changements observez-vous chez les jeunes au fil des saisons ?<\/p>\n<p class=\" wall-content\">Nous r\u00e9alisons des adaptations tr\u00e8s pr\u00e9cises selon chaque sportif. Pour certains, cela signifie installer des rep\u00e8res visuels sp\u00e9cifiques pour mieux comprendre l\u2019espace de jeu, pour d\u2019autres, c\u2019est la mise en place de syst\u00e8mes de communication alternatifs adapt\u00e9s aux personnes non verbales. Chaque s\u00e9ance sportive est construite autour d\u2019un cadre s\u00e9curisant, rassurant et r\u00e9p\u00e9titif qui permet aux licenci\u00e9s de progresser en confiance et de gagner en autonomie au fil des s\u00e9ances. Les changements sont multiples et souvent tr\u00e8s positifs : am\u00e9lioration de la sant\u00e9 physique, recul de l\u2019ob\u00e9sit\u00e9, meilleure autonomie, confiance en soi accrue, am\u00e9lioration de leur vie sociale\u2026 Certains licenci\u00e9s vivent ici leur principale r\u00e9ussite, alors qu\u2019ils peuvent \u00eatre en difficult\u00e9 ailleurs. Le sport devient alors un formidable levier de d\u00e9veloppement personnel.<\/p>\n<p>Les Jeux Paralympiques de Paris 2024 ont-ils eu un impact sur la visibilit\u00e9 ou la perception du handicap ?<\/p>\n<p class=\" wall-content\">Oui, clairement. Apr\u00e8s les Jeux, j\u2019ai \u00e9t\u00e9 sollicit\u00e9 pour participer \u00e0 plusieurs tables rondes, y compris par des structures qui ne travaillaient pas du tout sur le handicap. Cela montre qu\u2019il y a eu un vrai coup de projecteur sur le sport adapt\u00e9. Mais attention, la place du handicap mental dans ces \u00e9v\u00e9nements reste tr\u00e8s limit\u00e9e : seuls sept sportifs \u00e9taient pr\u00e9sents \u00e0 Paris 2024. Cela tient \u00e0 la difficult\u00e9 de classer ces handicaps en comp\u00e9tition, au manque de visibilit\u00e9 m\u00e9diatique, mais aussi \u00e0 l\u2019histoire m\u00eame des Jeux paralympiques, d\u2019abord pens\u00e9s pour les personnes avec un handicap physique. Malgr\u00e9 tout, pour nous, ce type d\u2019\u00e9v\u00e9nement aide \u00e0 changer les regards. Quand on encadre 300 licenci\u00e9s, ce genre de reconnaissance est pr\u00e9cieux.<\/p>\n<p>    <img   decoding=\"async\" loading=\"lazy\" src=\"https:\/\/www.europesays.com\/fr\/wp-content\/uploads\/2025\/07\/photo-1-mcsa-960x640.jpg\" alt=\"Le Montpellier Culture Sport Adapt\u00e9 est un club omnisport d\u00e9di\u00e9 aux personnes en situation de handicap mental, psychique ou avec des troubles du d\u00e9veloppement.\" width=\"960\" height=\"640\"\/><br \/>\n    Le Montpellier Culture Sport Adapt\u00e9 est un club omnisport d\u00e9di\u00e9 aux personnes en situation de handicap mental, psychique ou avec des troubles du d\u00e9veloppement. (\u00a9MCSA)Quelle est votre vision pour les ann\u00e9es \u00e0 venir ?<\/p>\n<p class=\" wall-content\">L\u2019enjeu, maintenant, c\u2019est l\u2019inclusion. On voudrait que les 20 % de nos sportifs qui pratiquent en comp\u00e9tition puissent int\u00e9grer, petit \u00e0 petit, des clubs ordinaires. Pas seuls, mais avec notre soutien. On a d\u00e9j\u00e0 commenc\u00e9 avec des clubs comme le MUC Natation ou des clubs de foot locaux, et \u00e7a fonctionne. Notre r\u00f4le \u00e9voluera : on formera les entra\u00eeneurs, on les aidera \u00e0 adapter leurs s\u00e9ances, leurs espaces, leur communication. Ce sera un accompagnement sur mesure, bas\u00e9 sur notre exp\u00e9rience. En parall\u00e8le, les 80 % restants de nos licenci\u00e9s continueront \u00e0 avoir besoin de nous, car leur pratique demande beaucoup d\u2019adaptations. Et puis on va continuer \u00e0 d\u00e9velopper nos s\u00e9jours-vacances adapt\u00e9s, qui sont tr\u00e8s demand\u00e9s par les familles. Notamment ceux d\u00e9di\u00e9s \u00e0 des publics sp\u00e9cifiques comme les personnes atteintes <a href=\"https:\/\/www.prader-willi.fr\/le-syndrome\/\" rel=\"nofollow noopener\" target=\"_blank\">du syndrome de Prader-Willi<\/a>. Ce sont des projets exigeants, mais essentiels.<\/p>\n<p class=\" wall-content\">Suivez toute l\u2019actualit\u00e9 de vos villes et m\u00e9dias favoris en vous inscrivant \u00e0 <a href=\"https:\/\/moncompte.actu.fr\" title=\"D\u00e9couvez Mon Actu\" rel=\"nofollow noopener\" data-trk=\"{&quot;cta&quot;:{&quot;action&quot;:&quot;https:\\\/\\\/moncompte.actu.fr&quot;,&quot;category&quot;:&quot;mon compte&quot;,&quot;from&quot;:&quot;article footer&quot;,&quot;name&quot;:&quot;Mon actu&quot;,&quot;type&quot;:&quot;cta&quot;}}\" target=\"_blank\">Mon Actu<\/a>.<\/p>\n","protected":false},"excerpt":{"rendered":"Par L\u00e9a Pippinato Publi\u00e9 le 19 juil. 2025 \u00e0 16h21 Fond\u00e9 en 1995 par Cyril Andr\u00e9, le Montpellier&hellip;\n","protected":false},"author":2,"featured_media":259850,"comment_status":"","ping_status":"","sticky":false,"template":"","format":"standard","meta":{"footnotes":""},"categories":[9599],"tags":[1111,11,1777,674,1011,27,1943,2208,12,2680,25,517,60],"class_list":{"0":"post-259849","1":"post","2":"type-post","3":"status-publish","4":"format-standard","5":"has-post-thumbnail","7":"category-montpellier","8":"tag-actu","9":"tag-actualites","10":"tag-eu","11":"tag-europe","12":"tag-fr","13":"tag-france","14":"tag-handicap","15":"tag-montpellier","16":"tag-news","17":"tag-occitanie","18":"tag-republique-francaise","19":"tag-sport","20":"tag-sports"},"share_on_mastodon":{"url":"https:\/\/pubeurope.com\/@fr\/114882454686672820","error":""},"_links":{"self":[{"href":"https:\/\/www.europesays.com\/fr\/wp-json\/wp\/v2\/posts\/259849","targetHints":{"allow":["GET"]}}],"collection":[{"href":"https:\/\/www.europesays.com\/fr\/wp-json\/wp\/v2\/posts"}],"about":[{"href":"https:\/\/www.europesays.com\/fr\/wp-json\/wp\/v2\/types\/post"}],"author":[{"embeddable":true,"href":"https:\/\/www.europesays.com\/fr\/wp-json\/wp\/v2\/users\/2"}],"replies":[{"embeddable":true,"href":"https:\/\/www.europesays.com\/fr\/wp-json\/wp\/v2\/comments?post=259849"}],"version-history":[{"count":0,"href":"https:\/\/www.europesays.com\/fr\/wp-json\/wp\/v2\/posts\/259849\/revisions"}],"wp:featuredmedia":[{"embeddable":true,"href":"https:\/\/www.europesays.com\/fr\/wp-json\/wp\/v2\/media\/259850"}],"wp:attachment":[{"href":"https:\/\/www.europesays.com\/fr\/wp-json\/wp\/v2\/media?parent=259849"}],"wp:term":[{"taxonomy":"category","embeddable":true,"href":"https:\/\/www.europesays.com\/fr\/wp-json\/wp\/v2\/categories?post=259849"},{"taxonomy":"post_tag","embeddable":true,"href":"https:\/\/www.europesays.com\/fr\/wp-json\/wp\/v2\/tags?post=259849"}],"curies":[{"name":"wp","href":"https:\/\/api.w.org\/{rel}","templated":true}]}}