{"id":259854,"date":"2025-07-19T23:23:11","date_gmt":"2025-07-19T23:23:11","guid":{"rendered":"https:\/\/www.europesays.com\/fr\/259854\/"},"modified":"2025-07-19T23:23:11","modified_gmt":"2025-07-19T23:23:11","slug":"previsions-du-dimanche-20-juillet-2025","status":"publish","type":"post","link":"https:\/\/www.europesays.com\/fr\/259854\/","title":{"rendered":"pr\u00e9visions du dimanche 20 juillet 2025"},"content":{"rendered":"<p>Il fera 18\u00b0C en moyenne \u00e0 Rennes aujourd&rsquo;hui. La ville sera touch\u00e9e par un vent de sud-ouest de 28 km\/h. La matin\u00e9e va rester maussade \u00e0 cause de nuages qui perdurent dans le ciel. Du mauvais temps est \u00e0 pr\u00e9voir. Des pluies \u00e9parses vont tomber. Les valeurs seront comprises entre 16 et 21\u00b0C. Dans l&rsquo;apr\u00e8s-midi, de l\u00e9g\u00e8res averses seront probables. Les temp\u00e9ratures afficheront entre 19 et 21\u00b0C. De l\u00e9g\u00e8res averses ponctueront cette soir\u00e9e. Les valeurs seront de 15\u00b0C au minimum et de 18\u00b0C au maximum. Pendant votre sommeil, dans la nuit de dimanche \u00e0 lundi, le ciel sera clair.<\/p>\n<p>Demain, Rennes aura des temp\u00e9ratures avoisinant 18\u00b0C. Un l\u00e9ger vent de sud-ouest sera ressenti par les habitants. Le soleil fera d\u00e9faut le matin, car le ciel sera couvert par des nuages. Il faudra \u00eatre pr\u00e9voyant : de petites averses auront lieu. Les valeurs s&rsquo;\u00e9chelonneront de 14 \u00e0 17\u00b0C. Les nuages en pr\u00e9vision demain apr\u00e8s-midi, et un ciel encore gris. Des pluies \u00e9parses sont attendues. En revanche, les temp\u00e9ratures vont conna\u00eetre une augmentation de plusieurs degr\u00e9s. Les valeurs s&rsquo;\u00e9chelonneront entre 18 et 22\u00b0C. Il y a un risque d&rsquo;averses demain soir. Il va faire environ 19\u00b0C.<\/p>\n<p>Le temps des journ\u00e9es suivantes va s&rsquo;am\u00e9liorer. Des temp\u00e9ratures dans les 23\u00b0C accompagneront un ciel ensoleill\u00e9.<\/p>\n<p><\/p>\n","protected":false},"excerpt":{"rendered":"Il fera 18\u00b0C en moyenne \u00e0 Rennes aujourd&rsquo;hui. La ville sera touch\u00e9e par un vent de sud-ouest de&hellip;\n","protected":false},"author":2,"featured_media":259855,"comment_status":"","ping_status":"","sticky":false,"template":"","format":"standard","meta":{"footnotes":""},"categories":[2821],"tags":[1111,11,829,1777,674,1011,27,848,12,2119,584,25],"class_list":{"0":"post-259854","1":"post","2":"type-post","3":"status-publish","4":"format-standard","5":"has-post-thumbnail","7":"category-rennes","8":"tag-actu","9":"tag-actualites","10":"tag-bretagne","11":"tag-eu","12":"tag-europe","13":"tag-fr","14":"tag-france","15":"tag-ille-et-vilaine","16":"tag-news","17":"tag-previsions-meteo","18":"tag-rennes","19":"tag-republique-francaise"},"share_on_mastodon":{"url":"https:\/\/pubeurope.com\/@fr\/114882478275330523","error":""},"_links":{"self":[{"href":"https:\/\/www.europesays.com\/fr\/wp-json\/wp\/v2\/posts\/259854","targetHints":{"allow":["GET"]}}],"collection":[{"href":"https:\/\/www.europesays.com\/fr\/wp-json\/wp\/v2\/posts"}],"about":[{"href":"https:\/\/www.europesays.com\/fr\/wp-json\/wp\/v2\/types\/post"}],"author":[{"embeddable":true,"href":"https:\/\/www.europesays.com\/fr\/wp-json\/wp\/v2\/users\/2"}],"replies":[{"embeddable":true,"href":"https:\/\/www.europesays.com\/fr\/wp-json\/wp\/v2\/comments?post=259854"}],"version-history":[{"count":0,"href":"https:\/\/www.europesays.com\/fr\/wp-json\/wp\/v2\/posts\/259854\/revisions"}],"wp:featuredmedia":[{"embeddable":true,"href":"https:\/\/www.europesays.com\/fr\/wp-json\/wp\/v2\/media\/259855"}],"wp:attachment":[{"href":"https:\/\/www.europesays.com\/fr\/wp-json\/wp\/v2\/media?parent=259854"}],"wp:term":[{"taxonomy":"category","embeddable":true,"href":"https:\/\/www.europesays.com\/fr\/wp-json\/wp\/v2\/categories?post=259854"},{"taxonomy":"post_tag","embeddable":true,"href":"https:\/\/www.europesays.com\/fr\/wp-json\/wp\/v2\/tags?post=259854"}],"curies":[{"name":"wp","href":"https:\/\/api.w.org\/{rel}","templated":true}]}}