{"id":259856,"date":"2025-07-19T23:24:10","date_gmt":"2025-07-19T23:24:10","guid":{"rendered":"https:\/\/www.europesays.com\/fr\/259856\/"},"modified":"2025-07-19T23:24:10","modified_gmt":"2025-07-19T23:24:10","slug":"previsions-du-dimanche-20-juillet-2025-2","status":"publish","type":"post","link":"https:\/\/www.europesays.com\/fr\/259856\/","title":{"rendered":"pr\u00e9visions du dimanche 20 juillet 2025"},"content":{"rendered":"<p>\u00c0 Strasbourg, les valeurs avoisineront les 23\u00b0C au cours de la journ\u00e9e. Le ciel va quelque peu se d\u00e9gager dans la matin\u00e9e avec des \u00e9claircies. Un vent de sud-ouest rafra\u00eechira un peu l&rsquo;atmosph\u00e8re. Il y aura de l\u00e9gers nuages avant que le soleil ne puisse faire son apparition durant l&rsquo;apr\u00e8s-midi. En revanche, la m\u00e9t\u00e9o va se r\u00e9chauffer avec une augmentation de quelques degr\u00e9s. Les importantes chaleurs sont pr\u00e9sentes. Avec des temp\u00e9ratures \u00e9chelonn\u00e9es entre 20 et 30\u00b0C. Les valeurs afficheront entre 20 et 30\u00b0C. Le soir, le vent va progressivement \u00e9loigner les nuages. Entre dimanche et lundi, la nuit sera claire.<\/p>\n<p>Demain, le soleil sera dissimul\u00e9 derri\u00e8re des nuages \u00e0 Strasbourg, o\u00f9 le ciel sera voil\u00e9. Il faudra s&rsquo;attendre \u00e0 des perturbations, les Strasbourgeois se retrouveront sous des pluies \u00e9parses. Une baisse du mercure est attendue. Les temp\u00e9ratures seront comprises entre 17 et 24\u00b0C. Une petite brise de sud-ouest sera ressentie par les habitants. Le matin, le soleil risque d&rsquo;\u00eatre masqu\u00e9 par des nuages. On anticipe des valeurs avoisinant 20\u00b0C. On notera la pr\u00e9sence persistante de nuages demain apr\u00e8s-midi. Les temp\u00e9ratures s&rsquo;\u00e9chelonneront de 21 \u00e0 24\u00b0C. Demain soir, toujours des nuages dans le ciel qui emp\u00eachent le soleil d&rsquo;appara\u00eetre. Il va pleuvoir.<\/p>\n<p>Le temps des journ\u00e9es qui suivent va changer peu \u00e0 peu. M\u00eame si le mauvais temps persistera quelque peu mardi, il faut s&rsquo;attendre \u00e0 une am\u00e9lioration ensuite.<\/p>\n<p><\/p>\n","protected":false},"excerpt":{"rendered":"\u00c0 Strasbourg, les valeurs avoisineront les 23\u00b0C au cours de la journ\u00e9e. Le ciel va quelque peu se&hellip;\n","protected":false},"author":2,"featured_media":259857,"comment_status":"","ping_status":"","sticky":false,"template":"","format":"standard","meta":{"footnotes":""},"categories":[2820],"tags":[1111,11,2389,2649,1777,674,1011,27,775,12,2119,25,640],"class_list":{"0":"post-259856","1":"post","2":"type-post","3":"status-publish","4":"format-standard","5":"has-post-thumbnail","7":"category-strasbourg","8":"tag-actu","9":"tag-actualites","10":"tag-alsace","11":"tag-bas-rhin","12":"tag-eu","13":"tag-europe","14":"tag-fr","15":"tag-france","16":"tag-grand-est","17":"tag-news","18":"tag-previsions-meteo","19":"tag-republique-francaise","20":"tag-strasbourg"},"share_on_mastodon":{"url":"https:\/\/pubeurope.com\/@fr\/114882482263554755","error":""},"_links":{"self":[{"href":"https:\/\/www.europesays.com\/fr\/wp-json\/wp\/v2\/posts\/259856","targetHints":{"allow":["GET"]}}],"collection":[{"href":"https:\/\/www.europesays.com\/fr\/wp-json\/wp\/v2\/posts"}],"about":[{"href":"https:\/\/www.europesays.com\/fr\/wp-json\/wp\/v2\/types\/post"}],"author":[{"embeddable":true,"href":"https:\/\/www.europesays.com\/fr\/wp-json\/wp\/v2\/users\/2"}],"replies":[{"embeddable":true,"href":"https:\/\/www.europesays.com\/fr\/wp-json\/wp\/v2\/comments?post=259856"}],"version-history":[{"count":0,"href":"https:\/\/www.europesays.com\/fr\/wp-json\/wp\/v2\/posts\/259856\/revisions"}],"wp:featuredmedia":[{"embeddable":true,"href":"https:\/\/www.europesays.com\/fr\/wp-json\/wp\/v2\/media\/259857"}],"wp:attachment":[{"href":"https:\/\/www.europesays.com\/fr\/wp-json\/wp\/v2\/media?parent=259856"}],"wp:term":[{"taxonomy":"category","embeddable":true,"href":"https:\/\/www.europesays.com\/fr\/wp-json\/wp\/v2\/categories?post=259856"},{"taxonomy":"post_tag","embeddable":true,"href":"https:\/\/www.europesays.com\/fr\/wp-json\/wp\/v2\/tags?post=259856"}],"curies":[{"name":"wp","href":"https:\/\/api.w.org\/{rel}","templated":true}]}}