{"id":25986,"date":"2025-04-15T05:55:21","date_gmt":"2025-04-15T05:55:21","guid":{"rendered":"https:\/\/www.europesays.com\/fr\/25986\/"},"modified":"2025-04-15T05:55:21","modified_gmt":"2025-04-15T05:55:21","slug":"la-fdj-suez-a-vite-revu-ses-plans-actualite","status":"publish","type":"post","link":"https:\/\/www.europesays.com\/fr\/25986\/","title":{"rendered":"La FDJ-Suez a vite revu ses plans &#8211; Actualit\u00e9"},"content":{"rendered":"<p style=\"text-align: justify;\">Comme au Tour des Flandres, Elise Chabbey a termin\u00e9 7e, ce samedi, de Paris-Roubaix et a \u00e9t\u00e9 la meilleure athl\u00e8te de FDJ-Suez. \u00ab\u00a0C\u2019est notre place depuis quatre ans. On est toujours dans le Top 10, mais on n\u2019est pas encore capables de jouer la gagne, il nous manque quelque chose m\u00eame si on est une belle \u00e9quipe pour ce genre de course\u00a0\u00bb, d\u00e9clare Stephen Delcourt, le manager de FDJ-Suez, au micro de DirectVelo. \u201cC\u2019est s\u00fbr que je suis un peu d\u00e9\u00e7ue, je ne viens pas l\u00e0 pour faire 7e. J\u2019aurais bien aim\u00e9 gagner ou obtenir un meilleur r\u00e9sultat\u00a0\u00bb. La Suissesse a attaqu\u00e9 \u00e0 trois reprises et a tent\u00e9 de partir seule une derni\u00e8re fois \u00e0 trois kilom\u00e8tres de l\u2019arriv\u00e9e pour aller chercher la 2e place derri\u00e8re Pauline Ferrand-Pr\u00e9vot. Avant que l&rsquo;Italienne Letizia Borghesi ne l&rsquo;imite, avec plus de r\u00e9ussite.\u00a0\u00ab\u00a0Je savais que je n\u2019\u00e9tais pas la meilleure au sprint. Il fallait essayer\u00a0\u00bb.<\/p>\n<p style=\"text-align: justify;\">D\u00e8s le premier secteur pav\u00e9 d\u2019Hornaing, les deux t\u00eates de gondole de la formation fran\u00e7aise se sont retrouv\u00e9es hors jeu. \u00ab\u00a0Malheureusement, on a perdu Amber (Kraak) et Vittoria (Guazzini) qui partageaient le leadership, sur des crevaisons\u00a0\u00bb, rappelle Stephen Delcourt. \u00ab\u00a0Le plan \u00e9tait surtout de prot\u00e9ger Vittoria, mais les plans ont vite chang\u00e9 avec cet incident. On s\u2019est report\u00e9 sur Elise\u00a0\u00bb, prolonge Marie Le Net. Lorsque les hostilit\u00e9s ont \u00e9t\u00e9 lanc\u00e9es par Lotte Kopecky \u00e0 53 kilom\u00e8tres de l\u2019arriv\u00e9e, au moment o\u00f9 une chute est intervenue avec la future laur\u00e9ate Pauline Ferrand-Pr\u00e9vot, aucune pensionnaire de la FDJ-Suez ne figurait parmi le groupe de t\u00eate de huit \u00e9l\u00e9ments. \u00ab\u00a0Il fallait absolument qu\u2019on bouche ce trou. On a essay\u00e9 de rentrer le plus vite possible, mais on y a laiss\u00e9 des cartouches\u00a0\u00bb, explique Jade Wiel.<\/p>\n<p style=\"text-align: justify;\"><strong>\u00ab JE PLEURAIS SUR LES PAV\u00c9S \u00bb<\/strong><\/p>\n<p style=\"text-align: justify;\">Peu apr\u00e8s, les trois soci\u00e9taires de la structure poitevine, Elise Chabbey, Marie Le Net et Jade Wiel, sont rentr\u00e9es. Elles \u00e9taient les mieux repr\u00e9sent\u00e9es \u00e0 l\u2019avant parmi un groupe de 20 concurrentes avec Visma Lease a Bike, Lidl-Trek et Canyon\/\/SRAM. Mais Marie Le Net n\u2019a pas tenu le choc longtemps. \u00ab\u00a0Je n\u2019avais plus rien dans les jambes, je me suis dit que je n\u2019arriverais jamais \u00e0 finir. Je pleurais sur les pav\u00e9s, j\u2019en avais marre, mais je reviens ici chaque ann\u00e9e\u2026 J\u2019\u00e9tais dans un \u00e9tat pitoyable, je n\u2019arrivais plus \u00e0 respirer. Mais j\u2019ai continu\u00e9 gr\u00e2ce au soutien du public\u00a0\u00bb, admet Marie Le Net. De son c\u00f4t\u00e9, Jade Wiel a l\u00e2ch\u00e9 dans le Carrefour de l\u2019Arbre, \u00e0 25 bornes du terme. \u00ab\u00a0\u00c7a a \u00e9t\u00e9 l\u2019explosion, c\u2019\u00e9tait aussi mental. Je n\u2019avais plus d\u2019\u00e9nergie ni de lucidit\u00e9\u00a0\u00bb. En fin de compte, elle est all\u00e9e chercher un Top 20 (<strong><a href=\"https:\/\/www.directvelo.com\/actualite\/119861\/paris-roubaix-femmes-classement\" target=\"_blank\" rel=\"nofollow noopener\">voir classement<\/a><\/strong>). \u00ab\u00a0Je suis tr\u00e8s contente de la forme, des sensations sur les pav\u00e9s, \u00e7a me donne envie de revenir\u00a0\u00bb.<\/p>\n<p style=\"text-align: justify;\">Stephen Delcourt est fier de ses deux jeunes Fran\u00e7aises. \u00ab\u00a0On sait de quoi est capable Marie sur un Paris-Roubaix. Jade avait montr\u00e9 de belles dispositions, elle l\u2019a fait aujourd\u2019hui, c\u2019est \u00e9norme. Je lui tire un grand coup de chapeau car tout le monde l\u2019avait enfonc\u00e9e apr\u00e8s ses trois ann\u00e9es de gal\u00e8re depuis le titre de Championne de France. On lui a fait confiance en signant avec elle un contrat tr\u00e8s long alors qu\u2019elle \u00e9tait encore bless\u00e9e et elle nous le rend l\u00e0. J&rsquo;ai un grand respect pour cette femme qui me surprend tous les jours par sa t\u00e9nacit\u00e9, sa d\u00e9termination et un grand amour du maillot. Je suis persuad\u00e9 que Jade va vite relever les bras\u00a0\u00bb.\u00a0Il est \u00e9galement satisfait de sa recrue Elise Chabbey. \u00ab\u00a0C\u2019\u00e9tait une de mes priorit\u00e9s depuis cinq ans de la voir nous rejoindre.\u00a0C\u2019est une dure au mal. Je suis hyper fier d\u2019elle, ce n\u2019est que le d\u00e9but de l\u2019aventure. J\u2019esp\u00e8re qu\u2019on ira tr\u00e8s loin ensemble\u00a0\u00bb.<\/p>\n","protected":false},"excerpt":{"rendered":"Comme au Tour des Flandres, Elise Chabbey a termin\u00e9 7e, ce samedi, de Paris-Roubaix et a \u00e9t\u00e9 la&hellip;\n","protected":false},"author":2,"featured_media":25987,"comment_status":"","ping_status":"","sticky":false,"template":"","format":"standard","meta":{"footnotes":""},"categories":[1411],"tags":[834,828,836,829,837,827,83,826,824,823,1154,207,814,817,815,816,822,821,832,211,839,1011,27,820,818,819,835,831,830,833,838,60,212,208,825],"class_list":{"0":"post-25986","1":"post","2":"type-post","3":"status-publish","4":"format-standard","5":"has-post-thumbnail","7":"category-cyclisme","8":"tag-attaque","9":"tag-belgique","10":"tag-braquet","11":"tag-bretagne","12":"tag-chute","13":"tag-competition","14":"tag-coupe-de-france","15":"tag-coureur","16":"tag-course-cyclisme","17":"tag-course-cycliste","18":"tag-cycling","19":"tag-cyclisme","20":"tag-direct","21":"tag-direct-velo","22":"tag-directvelo","23":"tag-directvelo-com","24":"tag-epreuve","25":"tag-epreuve-cycliste","26":"tag-federation-francaise-de-cyclisme","27":"tag-ffc","28":"tag-flandres","29":"tag-fr","30":"tag-france","31":"tag-live","32":"tag-live-course","33":"tag-live-epreuve","34":"tag-peloton","35":"tag-radio-peloton","36":"tag-radio-tour","37":"tag-ravitaillement","38":"tag-relance","39":"tag-sports","40":"tag-uci","41":"tag-velo","42":"tag-velos"},"share_on_mastodon":{"url":"https:\/\/pubeurope.com\/@fr\/114340438067332864","error":""},"_links":{"self":[{"href":"https:\/\/www.europesays.com\/fr\/wp-json\/wp\/v2\/posts\/25986","targetHints":{"allow":["GET"]}}],"collection":[{"href":"https:\/\/www.europesays.com\/fr\/wp-json\/wp\/v2\/posts"}],"about":[{"href":"https:\/\/www.europesays.com\/fr\/wp-json\/wp\/v2\/types\/post"}],"author":[{"embeddable":true,"href":"https:\/\/www.europesays.com\/fr\/wp-json\/wp\/v2\/users\/2"}],"replies":[{"embeddable":true,"href":"https:\/\/www.europesays.com\/fr\/wp-json\/wp\/v2\/comments?post=25986"}],"version-history":[{"count":0,"href":"https:\/\/www.europesays.com\/fr\/wp-json\/wp\/v2\/posts\/25986\/revisions"}],"wp:featuredmedia":[{"embeddable":true,"href":"https:\/\/www.europesays.com\/fr\/wp-json\/wp\/v2\/media\/25987"}],"wp:attachment":[{"href":"https:\/\/www.europesays.com\/fr\/wp-json\/wp\/v2\/media?parent=25986"}],"wp:term":[{"taxonomy":"category","embeddable":true,"href":"https:\/\/www.europesays.com\/fr\/wp-json\/wp\/v2\/categories?post=25986"},{"taxonomy":"post_tag","embeddable":true,"href":"https:\/\/www.europesays.com\/fr\/wp-json\/wp\/v2\/tags?post=25986"}],"curies":[{"name":"wp","href":"https:\/\/api.w.org\/{rel}","templated":true}]}}