{"id":259860,"date":"2025-07-19T23:26:10","date_gmt":"2025-07-19T23:26:10","guid":{"rendered":"https:\/\/www.europesays.com\/fr\/259860\/"},"modified":"2025-07-19T23:26:10","modified_gmt":"2025-07-19T23:26:10","slug":"previsions-du-dimanche-20-juillet-2025-3","status":"publish","type":"post","link":"https:\/\/www.europesays.com\/fr\/259860\/","title":{"rendered":"pr\u00e9visions du dimanche 20 juillet 2025"},"content":{"rendered":"<p>C&rsquo;est sous un ciel gris que va se d\u00e9rouler la journ\u00e9e. Les nuages se maintiennent sur Nice. Des pluies \u00e9parses sont attendues. On anticipe des valeurs avoisinant 24\u00b0C. Les temp\u00e9ratures s&rsquo;\u00e9chelonneront de 24 \u00e0 26\u00b0C sur l&rsquo;ensemble de la matin\u00e9e. Un vent d&rsquo;est rafra\u00eechira quelque peu l&rsquo;atmosph\u00e8re. Les nuages en pr\u00e9vision l&rsquo;apr\u00e8s-midi, et un ciel encore gris. Les maximales iront jusqu&rsquo;\u00e0 26\u00b0C et les minimales seront de 24\u00b0C. Le soir, toujours des nuages dans le ciel qui emp\u00eachent le soleil d&rsquo;appara\u00eetre. Des pluies \u00e9parses sont pr\u00e9vues. Les valeurs afficheront entre 24 et 25\u00b0C. On pr\u00e9voit une nuit claire entre dimanche et lundi.<\/p>\n<p>Un bel ensoleillement est attendu demain \u00e0 Nice. Une m\u00e9t\u00e9o plus chaude est pr\u00e9vue \u00e9tant donn\u00e9 que les temp\u00e9ratures vont conna\u00eetre une augmentation. Le thermom\u00e8tre affichera 26\u00b0C en moyenne. Un modeste vent de nord-ouest sera ressenti par les habitants. Les temp\u00e9ratures s&rsquo;\u00e9chelonneront entre 23\u00b0C et 27\u00b0C dans la matin\u00e9e. Les valeurs seront comprises entre 26 et 29\u00b0C demain apr\u00e8s-midi. Demain soir, les temp\u00e9ratures afficheront entre 25 et 29\u00b0C.<\/p>\n<p>Pour les jours qui suivent, le temps ne bougera pas. Des temp\u00e9ratures dans les 27\u00b0C iront de pair avec un ciel ensoleill\u00e9.<\/p>\n<p><\/p>\n","protected":false},"excerpt":{"rendered":"C&rsquo;est sous un ciel gris que va se d\u00e9rouler la journ\u00e9e. Les nuages se maintiennent sur Nice. Des&hellip;\n","protected":false},"author":2,"featured_media":259861,"comment_status":"","ping_status":"","sticky":false,"template":"","format":"standard","meta":{"footnotes":""},"categories":[2819],"tags":[1111,11,2898,1777,674,1011,27,12,2401,883,2119,882,25],"class_list":{"0":"post-259860","1":"post","2":"type-post","3":"status-publish","4":"format-standard","5":"has-post-thumbnail","7":"category-nice","8":"tag-actu","9":"tag-actualites","10":"tag-alpes-maritimes","11":"tag-eu","12":"tag-europe","13":"tag-fr","14":"tag-france","15":"tag-news","16":"tag-nice","17":"tag-paca","18":"tag-previsions-meteo","19":"tag-provence-alpes-cote-dazur","20":"tag-republique-francaise"},"share_on_mastodon":{"url":"https:\/\/pubeurope.com\/@fr\/114882490099753658","error":""},"_links":{"self":[{"href":"https:\/\/www.europesays.com\/fr\/wp-json\/wp\/v2\/posts\/259860","targetHints":{"allow":["GET"]}}],"collection":[{"href":"https:\/\/www.europesays.com\/fr\/wp-json\/wp\/v2\/posts"}],"about":[{"href":"https:\/\/www.europesays.com\/fr\/wp-json\/wp\/v2\/types\/post"}],"author":[{"embeddable":true,"href":"https:\/\/www.europesays.com\/fr\/wp-json\/wp\/v2\/users\/2"}],"replies":[{"embeddable":true,"href":"https:\/\/www.europesays.com\/fr\/wp-json\/wp\/v2\/comments?post=259860"}],"version-history":[{"count":0,"href":"https:\/\/www.europesays.com\/fr\/wp-json\/wp\/v2\/posts\/259860\/revisions"}],"wp:featuredmedia":[{"embeddable":true,"href":"https:\/\/www.europesays.com\/fr\/wp-json\/wp\/v2\/media\/259861"}],"wp:attachment":[{"href":"https:\/\/www.europesays.com\/fr\/wp-json\/wp\/v2\/media?parent=259860"}],"wp:term":[{"taxonomy":"category","embeddable":true,"href":"https:\/\/www.europesays.com\/fr\/wp-json\/wp\/v2\/categories?post=259860"},{"taxonomy":"post_tag","embeddable":true,"href":"https:\/\/www.europesays.com\/fr\/wp-json\/wp\/v2\/tags?post=259860"}],"curies":[{"name":"wp","href":"https:\/\/api.w.org\/{rel}","templated":true}]}}