{"id":259866,"date":"2025-07-19T23:30:11","date_gmt":"2025-07-19T23:30:11","guid":{"rendered":"https:\/\/www.europesays.com\/fr\/259866\/"},"modified":"2025-07-19T23:30:11","modified_gmt":"2025-07-19T23:30:11","slug":"previsions-du-dimanche-20-juillet-2025-4","status":"publish","type":"post","link":"https:\/\/www.europesays.com\/fr\/259866\/","title":{"rendered":"pr\u00e9visions du dimanche 20 juillet 2025"},"content":{"rendered":"<p>Le soleil se fera d\u00e9sirer aujourd&rsquo;hui sur Bordeaux, o\u00f9 des nuages sont bien install\u00e9s. Il va pleuvoir. Les valeurs avoisineront les 20\u00b0C. Un modeste vent de sud-ouest sera ressenti par les habitants. Dans la matin\u00e9e, les temp\u00e9ratures seront de 19\u00b0C. L&rsquo;apr\u00e8s-midi, le soleil sera dissimul\u00e9 derri\u00e8re des nuages. Les temp\u00e9ratures seront comprises entre 20 et 24\u00b0C. C&rsquo;est un ciel pluvieux que conna\u00eetra la nuit de dimanche \u00e0 lundi.<\/p>\n<p>La m\u00e9t\u00e9o va se r\u00e9chauffer demain \u00e0 Bordeaux avec une hausse de quelques degr\u00e9s. Il va faire environ 21\u00b0C. Un vent d&rsquo;ouest rafra\u00eechira quelque peu l&rsquo;atmosph\u00e8re. L&rsquo;apparition du soleil le matin sera retard\u00e9e par beaucoup de nuages. Il est possible qu&rsquo;il y ait de petites averses. Demain apr\u00e8s-midi, le vent va peu \u00e0 peu chasser la grisaille. Les temp\u00e9ratures vont conna\u00eetre une augmentation de quelques degr\u00e9s. Les valeurs s&rsquo;\u00e9chelonneront entre 23\u00b0C et 25\u00b0C. Demain soir, on anticipe des temp\u00e9ratures avoisinant 20\u00b0C.<\/p>\n<p>Pour les jours qui suivent, le temps ne changera pas. Le temps sera ensoleill\u00e9 avec des temp\u00e9ratures autour de 28\u00b0C.<\/p>\n<p><\/p>\n","protected":false},"excerpt":{"rendered":"Le soleil se fera d\u00e9sirer aujourd&rsquo;hui sur Bordeaux, o\u00f9 des nuages sont bien install\u00e9s. Il va pleuvoir. Les&hellip;\n","protected":false},"author":2,"featured_media":259867,"comment_status":"","ping_status":"","sticky":false,"template":"","format":"standard","meta":{"footnotes":""},"categories":[2817],"tags":[1111,11,1997,1777,674,1011,27,12,2219,2119,25],"class_list":{"0":"post-259866","1":"post","2":"type-post","3":"status-publish","4":"format-standard","5":"has-post-thumbnail","7":"category-bordeaux","8":"tag-actu","9":"tag-actualites","10":"tag-bordeaux","11":"tag-eu","12":"tag-europe","13":"tag-fr","14":"tag-france","15":"tag-news","16":"tag-nouvelle-aquitaine","17":"tag-previsions-meteo","18":"tag-republique-francaise"},"share_on_mastodon":{"url":"https:\/\/pubeurope.com\/@fr\/114882505869596505","error":""},"_links":{"self":[{"href":"https:\/\/www.europesays.com\/fr\/wp-json\/wp\/v2\/posts\/259866","targetHints":{"allow":["GET"]}}],"collection":[{"href":"https:\/\/www.europesays.com\/fr\/wp-json\/wp\/v2\/posts"}],"about":[{"href":"https:\/\/www.europesays.com\/fr\/wp-json\/wp\/v2\/types\/post"}],"author":[{"embeddable":true,"href":"https:\/\/www.europesays.com\/fr\/wp-json\/wp\/v2\/users\/2"}],"replies":[{"embeddable":true,"href":"https:\/\/www.europesays.com\/fr\/wp-json\/wp\/v2\/comments?post=259866"}],"version-history":[{"count":0,"href":"https:\/\/www.europesays.com\/fr\/wp-json\/wp\/v2\/posts\/259866\/revisions"}],"wp:featuredmedia":[{"embeddable":true,"href":"https:\/\/www.europesays.com\/fr\/wp-json\/wp\/v2\/media\/259867"}],"wp:attachment":[{"href":"https:\/\/www.europesays.com\/fr\/wp-json\/wp\/v2\/media?parent=259866"}],"wp:term":[{"taxonomy":"category","embeddable":true,"href":"https:\/\/www.europesays.com\/fr\/wp-json\/wp\/v2\/categories?post=259866"},{"taxonomy":"post_tag","embeddable":true,"href":"https:\/\/www.europesays.com\/fr\/wp-json\/wp\/v2\/tags?post=259866"}],"curies":[{"name":"wp","href":"https:\/\/api.w.org\/{rel}","templated":true}]}}