{"id":259872,"date":"2025-07-19T23:33:11","date_gmt":"2025-07-19T23:33:11","guid":{"rendered":"https:\/\/www.europesays.com\/fr\/259872\/"},"modified":"2025-07-19T23:33:11","modified_gmt":"2025-07-19T23:33:11","slug":"previsions-du-dimanche-20-juillet-2025-5","status":"publish","type":"post","link":"https:\/\/www.europesays.com\/fr\/259872\/","title":{"rendered":"pr\u00e9visions du dimanche 20 juillet 2025"},"content":{"rendered":"<p>C&rsquo;est \u00e0 un ciel tapiss\u00e9 de nuages qu&rsquo;il faudra s&rsquo;attendre aujourd&rsquo;hui \u00e0 Toulouse. Le thermom\u00e8tre affichera 23\u00b0C en moyenne. Un vent de nord-ouest rafra\u00eechira sensiblement l&rsquo;atmosph\u00e8re. D&rsquo;un autre c\u00f4t\u00e9, un superbe soleil va briller et ce, tout au long de la matin\u00e9e. L&rsquo;apr\u00e8s-midi, on sera sous un ciel bien maussade, couvert de nuages. Il va pleuvoir. Les maximales atteindront les 27\u00b0C et les minimales seront de 24\u00b0C. Des pluies \u00e9parses tomberont dans la soir\u00e9e. Pendant votre sommeil, dans la nuit de dimanche \u00e0 lundi, le ciel sera clair.<\/p>\n<p>Demain, on anticipe pour Toulouse des valeurs avoisinant 23\u00b0C. Une l\u00e9g\u00e8re brise de nord-ouest sera ressentie par les habitants. Le ciel va l\u00e9g\u00e8rement se d\u00e9gager dans la matin\u00e9e avec des \u00e9claircies. Il va faire environ 22\u00b0C. Demain apr\u00e8s-midi, les Toulousains vont pouvoir profiter d&rsquo;un soleil magnifique. La m\u00e9t\u00e9o va se r\u00e9chauffer avec une hausse de plusieurs degr\u00e9s. Les temp\u00e9ratures s&rsquo;\u00e9chelonneront entre 26\u00b0C et 29\u00b0C. Les valeurs seront de 23\u00b0C au cours de la soir\u00e9e.<\/p>\n<p>Les conditions m\u00e9t\u00e9orologiques des journ\u00e9es qui suivent vont \u00e9voluer peu \u00e0 peu. Les conditions m\u00e9t\u00e9orologiques se maintiendront mardi mais une d\u00e9gradation s&rsquo;ensuivra mercredi.<\/p>\n<p><\/p>\n","protected":false},"excerpt":{"rendered":"C&rsquo;est \u00e0 un ciel tapiss\u00e9 de nuages qu&rsquo;il faudra s&rsquo;attendre aujourd&rsquo;hui \u00e0 Toulouse. Le thermom\u00e8tre affichera 23\u00b0C en&hellip;\n","protected":false},"author":2,"featured_media":259873,"comment_status":"","ping_status":"","sticky":false,"template":"","format":"standard","meta":{"footnotes":""},"categories":[2816],"tags":[1111,11,1777,674,1011,27,2722,2721,12,2680,2119,25,2312],"class_list":{"0":"post-259872","1":"post","2":"type-post","3":"status-publish","4":"format-standard","5":"has-post-thumbnail","7":"category-toulouse","8":"tag-actu","9":"tag-actualites","10":"tag-eu","11":"tag-europe","12":"tag-fr","13":"tag-france","14":"tag-haute-garonne","15":"tag-midi-pyrenees","16":"tag-news","17":"tag-occitanie","18":"tag-previsions-meteo","19":"tag-republique-francaise","20":"tag-toulouse"},"share_on_mastodon":{"url":"https:\/\/pubeurope.com\/@fr\/114882517623090800","error":""},"_links":{"self":[{"href":"https:\/\/www.europesays.com\/fr\/wp-json\/wp\/v2\/posts\/259872","targetHints":{"allow":["GET"]}}],"collection":[{"href":"https:\/\/www.europesays.com\/fr\/wp-json\/wp\/v2\/posts"}],"about":[{"href":"https:\/\/www.europesays.com\/fr\/wp-json\/wp\/v2\/types\/post"}],"author":[{"embeddable":true,"href":"https:\/\/www.europesays.com\/fr\/wp-json\/wp\/v2\/users\/2"}],"replies":[{"embeddable":true,"href":"https:\/\/www.europesays.com\/fr\/wp-json\/wp\/v2\/comments?post=259872"}],"version-history":[{"count":0,"href":"https:\/\/www.europesays.com\/fr\/wp-json\/wp\/v2\/posts\/259872\/revisions"}],"wp:featuredmedia":[{"embeddable":true,"href":"https:\/\/www.europesays.com\/fr\/wp-json\/wp\/v2\/media\/259873"}],"wp:attachment":[{"href":"https:\/\/www.europesays.com\/fr\/wp-json\/wp\/v2\/media?parent=259872"}],"wp:term":[{"taxonomy":"category","embeddable":true,"href":"https:\/\/www.europesays.com\/fr\/wp-json\/wp\/v2\/categories?post=259872"},{"taxonomy":"post_tag","embeddable":true,"href":"https:\/\/www.europesays.com\/fr\/wp-json\/wp\/v2\/tags?post=259872"}],"curies":[{"name":"wp","href":"https:\/\/api.w.org\/{rel}","templated":true}]}}