{"id":259874,"date":"2025-07-19T23:34:08","date_gmt":"2025-07-19T23:34:08","guid":{"rendered":"https:\/\/www.europesays.com\/fr\/259874\/"},"modified":"2025-07-19T23:34:08","modified_gmt":"2025-07-19T23:34:08","slug":"previsions-du-dimanche-20-juillet-2025-6","status":"publish","type":"post","link":"https:\/\/www.europesays.com\/fr\/259874\/","title":{"rendered":"pr\u00e9visions du dimanche 20 juillet 2025"},"content":{"rendered":"<p>Les nuages seront visibles aujourd&rsquo;hui \u00e0 Lille. Les temp\u00e9ratures tourneront autour des 21\u00b0C. Un petit vent de sud sera ressenti par les habitants. Pour le matin, des pluies \u00e9parses vont tomber sur la ville. On anticipe des valeurs avoisinant 20\u00b0C. De l\u00e9g\u00e8res averses auront lieu dans l&rsquo;apr\u00e8s-midi. Les temp\u00e9ratures seront comprises entre 19 et 24\u00b0C. Le ciel va quelque peu se d\u00e9gager dans la soir\u00e9e avec des \u00e9claircies. Il va faire environ 19\u00b0C. Un ciel limpide est \u00e0 pr\u00e9voir dans la nuit reliant dimanche et lundi.<\/p>\n<p>Il faudra \u00eatre vigilant demain : de petites averses sont \u00e0 pr\u00e9voir \u00e0 Lille. Une chute des temp\u00e9ratures est \u00e0 pr\u00e9voir. Les valeurs afficheront entre 15 et 21\u00b0C. Un vent de sud-ouest est attendu : il soufflera \u00e0 20 km\/h. Le matin, c&rsquo;est sur un ciel tapiss\u00e9 de nuages qu&rsquo;il faudra compter. Les maximales atteindront les 21\u00b0C alors que les minimales seront de 16\u00b0C. Les temp\u00e9ratures s&rsquo;\u00e9chelonneront entre 18\u00b0C et 20\u00b0C dans l&rsquo;apr\u00e8s-midi. Des averses sont annonc\u00e9es demain soir, et peuvent perturber les activit\u00e9s ext\u00e9rieures. Les valeurs s&rsquo;\u00e9chelonneront de 16 \u00e0 18\u00b0C.<\/p>\n<p>La m\u00e9t\u00e9o restera inchang\u00e9e les prochains jours. Pr\u00e9voyez 23\u00b0C en moyenne qui accompagneront des journ\u00e9es pluvieuses.<\/p>\n<p><\/p>\n","protected":false},"excerpt":{"rendered":"Les nuages seront visibles aujourd&rsquo;hui \u00e0 Lille. Les temp\u00e9ratures tourneront autour des 21\u00b0C. Un petit vent de sud&hellip;\n","protected":false},"author":2,"featured_media":259875,"comment_status":"","ping_status":"","sticky":false,"template":"","format":"standard","meta":{"footnotes":""},"categories":[2815],"tags":[1111,11,1777,674,1011,27,811,1307,12,1308,1309,2119,25],"class_list":{"0":"post-259874","1":"post","2":"type-post","3":"status-publish","4":"format-standard","5":"has-post-thumbnail","7":"category-lille","8":"tag-actu","9":"tag-actualites","10":"tag-eu","11":"tag-europe","12":"tag-fr","13":"tag-france","14":"tag-hauts-de-france","15":"tag-lille","16":"tag-news","17":"tag-nord","18":"tag-nord-pas-de-calais","19":"tag-previsions-meteo","20":"tag-republique-francaise"},"share_on_mastodon":{"url":"https:\/\/pubeurope.com\/@fr\/114882521520335199","error":""},"_links":{"self":[{"href":"https:\/\/www.europesays.com\/fr\/wp-json\/wp\/v2\/posts\/259874","targetHints":{"allow":["GET"]}}],"collection":[{"href":"https:\/\/www.europesays.com\/fr\/wp-json\/wp\/v2\/posts"}],"about":[{"href":"https:\/\/www.europesays.com\/fr\/wp-json\/wp\/v2\/types\/post"}],"author":[{"embeddable":true,"href":"https:\/\/www.europesays.com\/fr\/wp-json\/wp\/v2\/users\/2"}],"replies":[{"embeddable":true,"href":"https:\/\/www.europesays.com\/fr\/wp-json\/wp\/v2\/comments?post=259874"}],"version-history":[{"count":0,"href":"https:\/\/www.europesays.com\/fr\/wp-json\/wp\/v2\/posts\/259874\/revisions"}],"wp:featuredmedia":[{"embeddable":true,"href":"https:\/\/www.europesays.com\/fr\/wp-json\/wp\/v2\/media\/259875"}],"wp:attachment":[{"href":"https:\/\/www.europesays.com\/fr\/wp-json\/wp\/v2\/media?parent=259874"}],"wp:term":[{"taxonomy":"category","embeddable":true,"href":"https:\/\/www.europesays.com\/fr\/wp-json\/wp\/v2\/categories?post=259874"},{"taxonomy":"post_tag","embeddable":true,"href":"https:\/\/www.europesays.com\/fr\/wp-json\/wp\/v2\/tags?post=259874"}],"curies":[{"name":"wp","href":"https:\/\/api.w.org\/{rel}","templated":true}]}}