{"id":259878,"date":"2025-07-19T23:36:09","date_gmt":"2025-07-19T23:36:09","guid":{"rendered":"https:\/\/www.europesays.com\/fr\/259878\/"},"modified":"2025-07-19T23:36:09","modified_gmt":"2025-07-19T23:36:09","slug":"previsions-du-dimanche-20-juillet-2025-7","status":"publish","type":"post","link":"https:\/\/www.europesays.com\/fr\/259878\/","title":{"rendered":"pr\u00e9visions du dimanche 20 juillet 2025"},"content":{"rendered":"<p>C&rsquo;est une magnifique journ\u00e9e dont va b\u00e9n\u00e9ficier Marseille, o\u00f9 le soleil va briller intens\u00e9ment. Les maximales atteindront les 27\u00b0C et les minimales seront de 23\u00b0C : c&rsquo;est donc un superbe \u00e9t\u00e9. Un l\u00e9ger vent de sud-est soufflera. Le matin, on anticipe des valeurs d&rsquo;environ 26\u00b0C. Ce sera un bel \u00e9t\u00e9 : les temp\u00e9ratures seront comprises entre 26 et 27\u00b0C l&rsquo;apr\u00e8s-midi. Il fera 25\u00b0C en moyenne le soir. Le ciel sera clair dans la nuit de dimanche \u00e0 lundi.<\/p>\n<p>Demain, les Marseillais comme les vacanciers vont pouvoir profiter d&rsquo;un soleil radieux. C&rsquo;est une hausse de quelques degr\u00e9s que vont enregistrer les temp\u00e9ratures pour un temps de plus en plus estival. Le mercure affichera 26\u00b0C en moyenne. Le matin, les valeurs afficheront entre 24 et 27\u00b0C, un temps vraiment de saison. Une l\u00e9g\u00e8re brise de nord-ouest sera ressentie par les habitants. L&rsquo;\u00e9t\u00e9 s&rsquo;est d\u00e9finitivement install\u00e9 puisque les temp\u00e9ratures iront de 27 \u00e0 28\u00b0C sur l&rsquo;ensemble de l&rsquo;apr\u00e8s-midi. La ville sera touch\u00e9e par un vent d&rsquo;ouest de 28 km\/h. Dans la soir\u00e9e, les temp\u00e9ratures avoisineront les 26\u00b0C. Un vent de nord-ouest soufflera \u00e0 27 km\/h.<\/p>\n<p>Peu d&rsquo;\u00e9volutions au fil des jours. Il va faire un temps relativement ensoleill\u00e9 avec des temp\u00e9ratures avoisinant 28\u00b0C.<\/p>\n<p><\/p>\n","protected":false},"excerpt":{"rendered":"C&rsquo;est une magnifique journ\u00e9e dont va b\u00e9n\u00e9ficier Marseille, o\u00f9 le soleil va briller intens\u00e9ment. Les maximales atteindront les&hellip;\n","protected":false},"author":2,"featured_media":259879,"comment_status":"","ping_status":"","sticky":false,"template":"","format":"standard","meta":{"footnotes":""},"categories":[2814],"tags":[1111,11,885,1777,674,1011,27,884,12,883,2119,882,25],"class_list":{"0":"post-259878","1":"post","2":"type-post","3":"status-publish","4":"format-standard","5":"has-post-thumbnail","7":"category-marseille","8":"tag-actu","9":"tag-actualites","10":"tag-bouches-du-rhone","11":"tag-eu","12":"tag-europe","13":"tag-fr","14":"tag-france","15":"tag-marseille","16":"tag-news","17":"tag-paca","18":"tag-previsions-meteo","19":"tag-provence-alpes-cote-dazur","20":"tag-republique-francaise"},"share_on_mastodon":{"url":"https:\/\/pubeurope.com\/@fr\/114882529456066054","error":""},"_links":{"self":[{"href":"https:\/\/www.europesays.com\/fr\/wp-json\/wp\/v2\/posts\/259878","targetHints":{"allow":["GET"]}}],"collection":[{"href":"https:\/\/www.europesays.com\/fr\/wp-json\/wp\/v2\/posts"}],"about":[{"href":"https:\/\/www.europesays.com\/fr\/wp-json\/wp\/v2\/types\/post"}],"author":[{"embeddable":true,"href":"https:\/\/www.europesays.com\/fr\/wp-json\/wp\/v2\/users\/2"}],"replies":[{"embeddable":true,"href":"https:\/\/www.europesays.com\/fr\/wp-json\/wp\/v2\/comments?post=259878"}],"version-history":[{"count":0,"href":"https:\/\/www.europesays.com\/fr\/wp-json\/wp\/v2\/posts\/259878\/revisions"}],"wp:featuredmedia":[{"embeddable":true,"href":"https:\/\/www.europesays.com\/fr\/wp-json\/wp\/v2\/media\/259879"}],"wp:attachment":[{"href":"https:\/\/www.europesays.com\/fr\/wp-json\/wp\/v2\/media?parent=259878"}],"wp:term":[{"taxonomy":"category","embeddable":true,"href":"https:\/\/www.europesays.com\/fr\/wp-json\/wp\/v2\/categories?post=259878"},{"taxonomy":"post_tag","embeddable":true,"href":"https:\/\/www.europesays.com\/fr\/wp-json\/wp\/v2\/tags?post=259878"}],"curies":[{"name":"wp","href":"https:\/\/api.w.org\/{rel}","templated":true}]}}