{"id":259881,"date":"2025-07-19T23:38:09","date_gmt":"2025-07-19T23:38:09","guid":{"rendered":"https:\/\/www.europesays.com\/fr\/259881\/"},"modified":"2025-07-19T23:38:09","modified_gmt":"2025-07-19T23:38:09","slug":"previsions-du-dimanche-20-juillet-2025-8","status":"publish","type":"post","link":"https:\/\/www.europesays.com\/fr\/259881\/","title":{"rendered":"pr\u00e9visions du dimanche 20 juillet 2025"},"content":{"rendered":"<p>Aujourd&rsquo;hui, c&rsquo;est sur un ciel couvert de nuages qu&rsquo;il faudra compter \u00e0 Lyon. Les maximales pourront atteindre 32\u00b0C alors que les minimales seront de 17\u00b0C : c&rsquo;est donc un superbe \u00e9t\u00e9. D&rsquo;un autre c\u00f4t\u00e9, des \u00e9claircies feront leur apparition dans la matin\u00e9e. De tr\u00e8s grosses chaleurs (entre 19\u00b0C et 32\u00b0C) sont attendues. Un vent de sud-est soufflera l\u00e9g\u00e8rement, avec 10 km\/h. L&rsquo;apr\u00e8s-midi, les perturbations seront toujours au rendez-vous avec des nuages. Il faudra pr\u00e9voir son parapluie pour \u00e9viter les pluies \u00e9parses. L&rsquo;\u00e9pisode de fortes chaleurs est bien l\u00e0, avec des temp\u00e9ratures qui pourront monter \u00e0 30\u00b0C. Ce sera un bel \u00e9t\u00e9 : les valeurs s&rsquo;\u00e9chelonneront entre 21 et 30\u00b0C. Il y a une menace d&rsquo;averses le soir. Les temp\u00e9ratures seront de 19\u00b0C. Une nuit claire vous attendra entre dimanche et lundi.<\/p>\n<p>Le ciel de Lyon sera assez lumineux, avec quelques \u00e9claircies demain. Une chute des temp\u00e9ratures est \u00e0 pr\u00e9voir. Le thermom\u00e8tre affichera 23\u00b0C en moyenne. Un vent d&rsquo;ouest rafra\u00eechira sensiblement l&rsquo;atmosph\u00e8re. Demain apr\u00e8s-midi, c&rsquo;est une hausse de quelques degr\u00e9s que vont enregistrer les temp\u00e9ratures pour un temps de plus en plus estival. L&rsquo;\u00e9t\u00e9 s&rsquo;est d\u00e9finitivement install\u00e9 puisque les valeurs iront de 25 \u00e0 28\u00b0C. Le ciel va l\u00e9g\u00e8rement se d\u00e9gager dans la soir\u00e9e avec des \u00e9claircies. On anticipe des temp\u00e9ratures d&rsquo;environ 23\u00b0C.<\/p>\n<p>Pour les prochains jours, la m\u00e9t\u00e9o ne bougera pas. Un ciel ensoleill\u00e9, pour des temp\u00e9ratures de 27\u00b0C en moyenne, est pr\u00e9vu.<\/p>\n<p><\/p>\n","protected":false},"excerpt":{"rendered":"Aujourd&rsquo;hui, c&rsquo;est sur un ciel couvert de nuages qu&rsquo;il faudra compter \u00e0 Lyon. Les maximales pourront atteindre 32\u00b0C&hellip;\n","protected":false},"author":2,"featured_media":259882,"comment_status":"","ping_status":"","sticky":false,"template":"","format":"standard","meta":{"footnotes":""},"categories":[1889],"tags":[1111,11,2430,1777,674,1011,27,2428,12,2119,25,2429,2431],"class_list":{"0":"post-259881","1":"post","2":"type-post","3":"status-publish","4":"format-standard","5":"has-post-thumbnail","7":"category-lyon","8":"tag-actu","9":"tag-actualites","10":"tag-auvergne-rhone-alpes","11":"tag-eu","12":"tag-europe","13":"tag-fr","14":"tag-france","15":"tag-lyon","16":"tag-news","17":"tag-previsions-meteo","18":"tag-republique-francaise","19":"tag-rhone","20":"tag-rhone-alpes"},"share_on_mastodon":{"url":"https:\/\/pubeurope.com\/@fr\/114882537270399534","error":""},"_links":{"self":[{"href":"https:\/\/www.europesays.com\/fr\/wp-json\/wp\/v2\/posts\/259881","targetHints":{"allow":["GET"]}}],"collection":[{"href":"https:\/\/www.europesays.com\/fr\/wp-json\/wp\/v2\/posts"}],"about":[{"href":"https:\/\/www.europesays.com\/fr\/wp-json\/wp\/v2\/types\/post"}],"author":[{"embeddable":true,"href":"https:\/\/www.europesays.com\/fr\/wp-json\/wp\/v2\/users\/2"}],"replies":[{"embeddable":true,"href":"https:\/\/www.europesays.com\/fr\/wp-json\/wp\/v2\/comments?post=259881"}],"version-history":[{"count":0,"href":"https:\/\/www.europesays.com\/fr\/wp-json\/wp\/v2\/posts\/259881\/revisions"}],"wp:featuredmedia":[{"embeddable":true,"href":"https:\/\/www.europesays.com\/fr\/wp-json\/wp\/v2\/media\/259882"}],"wp:attachment":[{"href":"https:\/\/www.europesays.com\/fr\/wp-json\/wp\/v2\/media?parent=259881"}],"wp:term":[{"taxonomy":"category","embeddable":true,"href":"https:\/\/www.europesays.com\/fr\/wp-json\/wp\/v2\/categories?post=259881"},{"taxonomy":"post_tag","embeddable":true,"href":"https:\/\/www.europesays.com\/fr\/wp-json\/wp\/v2\/tags?post=259881"}],"curies":[{"name":"wp","href":"https:\/\/api.w.org\/{rel}","templated":true}]}}