{"id":259887,"date":"2025-07-19T23:44:37","date_gmt":"2025-07-19T23:44:37","guid":{"rendered":"https:\/\/www.europesays.com\/fr\/259887\/"},"modified":"2025-07-19T23:44:37","modified_gmt":"2025-07-19T23:44:37","slug":"on-a-donne-une-belle-image-de-lequipe-de-france-se-satisfait-le-capitaine-du-xv-de-france-gael-fickou","status":"publish","type":"post","link":"https:\/\/www.europesays.com\/fr\/259887\/","title":{"rendered":"\u00abOn a donn\u00e9 une belle image de l\u2019\u00e9quipe de France\u00bb, se satisfait le capitaine du XV de France Ga\u00ebl Fickou"},"content":{"rendered":"<p>Le trois-quarts centre Ga\u00ebl Fickou est revenu au micro de Canal + sur la courte d\u00e9faite des siens ce samedi en Nouvelle-Z\u00e9lande 29-19.<\/p>\n<p class=\"fig-paragraph\"><strong>Ga\u00ebl Fickou<\/strong>, apr\u00e8s la\u00a0<a href=\"http:\/\/www.lefigaro.fr\/sports\/rugby\/xv-de-france\/xv-de-france-longtemps-dans-le-coup-les-bleus-tombent-une-troisieme-fois-en-nouvelle-zelande-20250719\" data-fig-type=\"NewsFlash\" data-gtm-custom-categorie=\"navigation\" data-gtm-custom-action=\"crossclick\" data-gtm-custom-label=\"Contextuel\" data-gtm-event=\"customEventSPE\" data-fig-domain=\"LEFIGARO\" target=\"_blank\" rel=\"noopener\">d\u00e9faite des Bleus<\/a>\u00a0face aux\u00a0<a href=\"https:\/\/www.lefigaro.fr\/sports\/rugby\/live\/test-match\/2025\/946102\/nouvelle-zelande-france\" data-fig-type=\"Live\" data-gtm-custom-categorie=\"navigation\" data-gtm-custom-action=\"crossclick\" data-gtm-custom-label=\"Contextuel\" data-gtm-event=\"customEventSPE\" data-fig-domain=\"LEFIGARO\" target=\"_blank\" rel=\"noopener\">All Blacks<\/a>\u00a029-19, au micro de Canal +\u00a0: \u00abOn leur a donn\u00e9 du fil \u00e0 retordre mais \u00e7a n\u2019a pas suffi. En seconde p\u00e9riode on a \u00e9t\u00e9 trop approximatifs. Avec notamment trop de grattages et p\u00e9nalit\u00e9s encaiss\u00e9s. L\u2019\u00e9tat d\u2019esprit a \u00e9t\u00e9 exceptionnel ce soir. Comme j\u2019ai dit aux gars \u00e0 la fin du match, on a peut-\u00eatre perdu mais on a eu un super \u00e9tat d\u2019esprit, on a donn\u00e9 une belle image de l\u2019\u00e9quipe de France. On savait que face \u00e0 cette \u00e9quipe, il fallait \u00eatre fort en d\u00e9fense. C\u2019est ce qu\u2019on a fait, on n\u2019a rien l\u00e2ch\u00e9. On a \u00e9t\u00e9 forts, dignes. \u00e7a se joue sur des d\u00e9tails [&#8230;] Quand Fabien m\u2019a appel\u00e9, j\u2019\u00e9tais tr\u00e8s heureux, c\u2019est une belle opportunit\u00e9 de venir en Nouvelle-Z\u00e9lande. C\u2019est peut-\u00eatre voire s\u00fbrement la derni\u00e8re fois. J\u2019ai pass\u00e9 de super moments avec de tr\u00e8s bons gars. On a tent\u00e9 le tout pour le tout. Il faut garder le positif, tout n\u2019est pas \u00e0 jeter\u00bb.<\/p>\n<p class=\"fig-paragraph\"><strong>\u00c0 VOIR AUSSI &#8211; <\/strong>Ligue 1, Ligue des champions, Ousmane Demb\u00e9l\u00e9&#8230;La saison historique du Paris SG<\/p>\n","protected":false},"excerpt":{"rendered":"Le trois-quarts centre Ga\u00ebl Fickou est revenu au micro de Canal + sur la courte d\u00e9faite des siens&hellip;\n","protected":false},"author":2,"featured_media":259888,"comment_status":"","ping_status":"","sticky":false,"template":"","format":"standard","meta":{"footnotes":""},"categories":[1888],"tags":[1111,1928,11,1927,2305,1777,674,515,1011,27,33069,12,1926,626,1925,25],"class_list":{"0":"post-259887","1":"post","2":"type-post","3":"status-publish","4":"format-standard","5":"has-post-thumbnail","7":"category-paris","8":"tag-actu","9":"tag-actu-paris","10":"tag-actualites","11":"tag-actualites-paris","12":"tag-all-blacks","13":"tag-eu","14":"tag-europe","15":"tag-fabien-galthie","16":"tag-fr","17":"tag-france","18":"tag-gael-fickou","19":"tag-news","20":"tag-news-paris","21":"tag-paris","22":"tag-paris-news","23":"tag-republique-francaise"},"share_on_mastodon":{"url":"https:\/\/pubeurope.com\/@fr\/114882561133030112","error":""},"_links":{"self":[{"href":"https:\/\/www.europesays.com\/fr\/wp-json\/wp\/v2\/posts\/259887","targetHints":{"allow":["GET"]}}],"collection":[{"href":"https:\/\/www.europesays.com\/fr\/wp-json\/wp\/v2\/posts"}],"about":[{"href":"https:\/\/www.europesays.com\/fr\/wp-json\/wp\/v2\/types\/post"}],"author":[{"embeddable":true,"href":"https:\/\/www.europesays.com\/fr\/wp-json\/wp\/v2\/users\/2"}],"replies":[{"embeddable":true,"href":"https:\/\/www.europesays.com\/fr\/wp-json\/wp\/v2\/comments?post=259887"}],"version-history":[{"count":0,"href":"https:\/\/www.europesays.com\/fr\/wp-json\/wp\/v2\/posts\/259887\/revisions"}],"wp:featuredmedia":[{"embeddable":true,"href":"https:\/\/www.europesays.com\/fr\/wp-json\/wp\/v2\/media\/259888"}],"wp:attachment":[{"href":"https:\/\/www.europesays.com\/fr\/wp-json\/wp\/v2\/media?parent=259887"}],"wp:term":[{"taxonomy":"category","embeddable":true,"href":"https:\/\/www.europesays.com\/fr\/wp-json\/wp\/v2\/categories?post=259887"},{"taxonomy":"post_tag","embeddable":true,"href":"https:\/\/www.europesays.com\/fr\/wp-json\/wp\/v2\/tags?post=259887"}],"curies":[{"name":"wp","href":"https:\/\/api.w.org\/{rel}","templated":true}]}}