{"id":259891,"date":"2025-07-19T23:46:16","date_gmt":"2025-07-19T23:46:16","guid":{"rendered":"https:\/\/www.europesays.com\/fr\/259891\/"},"modified":"2025-07-19T23:46:16","modified_gmt":"2025-07-19T23:46:16","slug":"barnier-assure-navoir-aucune-ambition-municipale-a-paris-en-2026-19-07-2025-a-2024","status":"publish","type":"post","link":"https:\/\/www.europesays.com\/fr\/259891\/","title":{"rendered":"Barnier assure n&rsquo;avoir \u00ab\u00a0aucune ambition municipale\u00a0\u00bb \u00e0 Paris en 2026 &#8211; 19\/07\/2025 \u00e0 20:24"},"content":{"rendered":"<p>        <img fetchpriority=\"high\" decoding=\"async\" src=\"https:\/\/www.europesays.com\/fr\/wp-content\/uploads\/2025\/07\/4efeab534d422c7844170f8483cf902e-760x507.jpg\" alt=\"Michel Barnier (Les R\u00e9publicains) prononce un discours \u00e0 La Motte-Servolex (Savoie), le 25 avril 2025 ( AFP \/ Alex MARTIN )\" loading=\"eager\" width=\"760\" height=\"507\" style=\"max-width: 100%!important; height: auto;\"\/><\/p>\n<p class=\"c-image-news__legend\">Michel Barnier (Les R\u00e9publicains) prononce un discours \u00e0 La Motte-Servolex (Savoie), le 25 avril 2025 ( AFP \/ Alex MARTIN )<\/p>\n<p>\n Michel Barnier, candidat \u00e0 la l\u00e9gislative partielle dans la seconde circonscription de Paris, assure n&rsquo;avoir \u00ab\u00a0aucune ambition municipale\u00a0\u00bb dans la capitale en 2026, dans un courrier adress\u00e9 aux militants parisiens et publi\u00e9 sur X.\n<\/p>\n<p>\n \u00ab\u00a0Je n\u2019ai aucune ambition municipale. Mon engagement est exclusif et loyal : repr\u00e9senter notre circonscription \u00e0 l\u2019Assembl\u00e9e nationale, avec s\u00e9rieux, dignit\u00e9 et constance\u00a0\u00bb, \u00e9crit-il. \u00ab\u00a0Je souhaite exprimer une voix respectueuse et pos\u00e9e dans un h\u00e9micycle trop souvent divis\u00e9.\u00a0\u00bb\n<\/p>\n<p>\n L&rsquo;annonce, mardi, de la candidature de l&rsquo;ex-Premier ministre dans la hupp\u00e9e deuxi\u00e8me circonscription de la capitale a d\u00e9clench\u00e9 la col\u00e8re de Rachida Dati. La maire du 7e arrondissement, qui vise ouvertement l\u2019H\u00f4tel de ville, a fait savoir qu&rsquo;elle envisageait aussi de se pr\u00e9senter \u00e0 cette l\u00e9gislative partielle.\n<\/p>\n<p>\n Samedi soir, comme pour donner un coup d&rsquo;acc\u00e9l\u00e9rateur \u00e0 cette candidature, la ministre s&rsquo;est affich\u00e9e sur X, tout sourire, avec des habitants et des commer\u00e7ants du 6e arrondissement, aux c\u00f4t\u00e9s du maire LR Jean-Pierre Lecoq.\n<\/p>\n<p>\n Certains dans l&rsquo;entourage de Rachida Dati disent suspecter Michel Barnier de vouloir se pr\u00e9senter \u00e0 sa place \u00e0 Paris en 2026, au cas o\u00f9 elle serait \u00ab\u00a0emp\u00each\u00e9e\u00a0\u00bb apr\u00e8s sa mise en examen dans une affaire de corruption avec l&rsquo;ex-patron de Renault Carlos Ghosn.\n<\/p>\n<p>\n Cette bataille d&rsquo;ambitions entre deux poids lourds des R\u00e9publicains fait d\u00e9sordre dans un parti o\u00f9 les rivalit\u00e9s sont exacerb\u00e9es entre le patron de LR Bruno Retailleau et celui du groupe \u00e0 l\u2019Assembl\u00e9e, Laurent Wauquiez.\n<\/p>\n<p>\n Bruno Retailleau soutient clairement la candidature de Michel Barnier dans la deuxi\u00e8me circonscription de la capitale.\n<\/p>\n<p>\n Laurent Wauquiez a lui vot\u00e9 la r\u00e9forme du scrutin municipal \u00e0 Paris, Lyon, Marseille (PLM) qui pr\u00e9voit un suffrage plus direct pour l\u2019\u00e9lection du maire et pourrait avantager Rachida Dati dans sa course \u00e0 la mairie de Paris. Les s\u00e9nateurs du groupe LR, dont Bruno Retailleau a \u00e9t\u00e9 le pr\u00e9sident, ont en revanche vot\u00e9 contre la PLM.\n<\/p>\n<p>\n La commission nationale d&rsquo;investiture des R\u00e9publicains doit se prononcer le 28 juillet sur son candidat dans la deuxi\u00e8me circonscription.\n<\/p>\n<p>\n Cette l\u00e9gislative partielle doit se tenir \u00e0 la rentr\u00e9e, au plus tard mi-octobre.\n<\/p>\n<p>\n Elle fait suite \u00e0 l&rsquo;invalidation par le Conseil constitutionnel, pour irr\u00e9gularit\u00e9s dans ses comptes de campagne, de l\u2019\u00e9lection du d\u00e9put\u00e9 macroniste Jean Laussucq.<\/p>\n","protected":false},"excerpt":{"rendered":"Michel Barnier (Les R\u00e9publicains) prononce un discours \u00e0 La Motte-Servolex (Savoie), le 25 avril 2025 ( AFP \/&hellip;\n","protected":false},"author":2,"featured_media":259892,"comment_status":"","ping_status":"","sticky":false,"template":"","format":"standard","meta":{"footnotes":""},"categories":[1888],"tags":[400,11,398,408,405,1777,674,1011,27,403,402,399,404,12,626,25,401,406,407],"class_list":{"0":"post-259891","1":"post","2":"type-post","3":"status-publish","4":"format-standard","5":"has-post-thumbnail","7":"category-paris","8":"tag-action-cac-40","9":"tag-actualites","10":"tag-bourse-de-paris","11":"tag-boursorama","12":"tag-cotations","13":"tag-eu","14":"tag-europe","15":"tag-fr","16":"tag-france","17":"tag-indices-devises","18":"tag-investir","19":"tag-investissement","20":"tag-marche-boursier","21":"tag-news","22":"tag-paris","23":"tag-republique-francaise","24":"tag-sicav","25":"tag-trackers","26":"tag-warrants"},"share_on_mastodon":{"url":"https:\/\/pubeurope.com\/@fr\/114882568993782877","error":""},"_links":{"self":[{"href":"https:\/\/www.europesays.com\/fr\/wp-json\/wp\/v2\/posts\/259891","targetHints":{"allow":["GET"]}}],"collection":[{"href":"https:\/\/www.europesays.com\/fr\/wp-json\/wp\/v2\/posts"}],"about":[{"href":"https:\/\/www.europesays.com\/fr\/wp-json\/wp\/v2\/types\/post"}],"author":[{"embeddable":true,"href":"https:\/\/www.europesays.com\/fr\/wp-json\/wp\/v2\/users\/2"}],"replies":[{"embeddable":true,"href":"https:\/\/www.europesays.com\/fr\/wp-json\/wp\/v2\/comments?post=259891"}],"version-history":[{"count":0,"href":"https:\/\/www.europesays.com\/fr\/wp-json\/wp\/v2\/posts\/259891\/revisions"}],"wp:featuredmedia":[{"embeddable":true,"href":"https:\/\/www.europesays.com\/fr\/wp-json\/wp\/v2\/media\/259892"}],"wp:attachment":[{"href":"https:\/\/www.europesays.com\/fr\/wp-json\/wp\/v2\/media?parent=259891"}],"wp:term":[{"taxonomy":"category","embeddable":true,"href":"https:\/\/www.europesays.com\/fr\/wp-json\/wp\/v2\/categories?post=259891"},{"taxonomy":"post_tag","embeddable":true,"href":"https:\/\/www.europesays.com\/fr\/wp-json\/wp\/v2\/tags?post=259891"}],"curies":[{"name":"wp","href":"https:\/\/api.w.org\/{rel}","templated":true}]}}