{"id":259893,"date":"2025-07-19T23:47:12","date_gmt":"2025-07-19T23:47:12","guid":{"rendered":"https:\/\/www.europesays.com\/fr\/259893\/"},"modified":"2025-07-19T23:47:12","modified_gmt":"2025-07-19T23:47:12","slug":"le-pas-de-lancement-gagarine-start-est-passe-sous-juridiction-kazakhe","status":"publish","type":"post","link":"https:\/\/www.europesays.com\/fr\/259893\/","title":{"rendered":"Le pas de lancement \u00ab\u00a0Gagarine start\u00a0\u00bb est pass\u00e9 sous juridiction kazakhe"},"content":{"rendered":"<p>\t<a href=\"https:\/\/www.europesays.com\/fr\/wp-content\/uploads\/2025\/07\/Ba\u00efkonour_01.jpg\"><img loading=\"lazy\" decoding=\"async\" aria-describedby=\"caption-attachment-1140\" class=\"size-full wp-image-1140\" src=\"https:\/\/www.europesays.com\/fr\/wp-content\/uploads\/2025\/07\/Ba\u00efkonour_01.jpg\" alt=\"\" width=\"1363\" height=\"843\"  \/><\/a><\/p>\n<p id=\"caption-attachment-1140\" class=\"wp-caption-text\">Le pas de tir \u00ab\u00a0Gagarinsky start\u00a0\u00bb.<\/p>\n<p>Le Kazakhstan a accept\u00e9 de la Russie le site de lancement [inutilis\u00e9] du cosmodrome de Ba\u00efkonour o\u00f9 a eu lieu le lancement de Gagarine en 1961 et \u00e9tudie la possibilit\u00e9 d&rsquo;y cr\u00e9er un mus\u00e9e. <\/p>\n<p class=\"Paragraph_paragraph__F_jNb\">Le transfert du site n&rsquo;aura aucune incidence sur le co\u00fbt de location du cosmodrome, pris en charge par la F\u00e9d\u00e9ration de Russie, a indiqu\u00e9 \u00e0 TASS le minist\u00e8re kazakh du D\u00e9veloppement num\u00e9rique, de l&rsquo;Innovation et de l&rsquo;Industrie a\u00e9rospatiale.<\/p>\n<p class=\"Paragraph_paragraph__F_jNb\" style=\"padding-left: 40px;\">\u00ab Au premier semestre de cette ann\u00e9e, le site de lancement Gagarine a \u00e9t\u00e9 accept\u00e9 par la partie kazakhe. Aujourd&rsquo;hui, la question de la cr\u00e9ation d&rsquo;un complexe mus\u00e9al sur le site de d\u00e9part Gagarine est en cours d&rsquo;\u00e9laboration. Le transfert du site de d\u00e9part Gagarine n&rsquo;aura aucune incidence sur le co\u00fbt de location du complexe de Ba\u00efkonour \u00bb, a indiqu\u00e9 le minist\u00e8re.<\/p>\n<p class=\"Paragraph_paragraph__F_jNb\">En avril 2024, le d\u00e9partement kazakh a annonc\u00e9 \u00e0 TASS son intention de reprendre le site n\u00b0 1, \u00e9galement connu sous le nom de \u00ab Gagarinesky start \u00bb, de la F\u00e9d\u00e9ration de Russie. <\/p>\n<p class=\"Paragraph_paragraph__F_jNb\">La proposition de transfert \u00e9tait \u00e0 l&rsquo;\u00e9tude depuis 2023. Roscosmos a indiqu\u00e9 qu&rsquo;il \u00e9tait pr\u00e9vu de cr\u00e9er sur ce site un complexe mus\u00e9al \u00e0 partir d&rsquo;\u00e9chantillons de technologies spatiales sans perspectives de d\u00e9veloppement ni d&rsquo;utilisation. De plus, Roscosmos a propos\u00e9 d&rsquo;inscrire le site sur la liste du patrimoine culturel de l&rsquo;UNESCO, proposition soutenue par Astana.<\/p>\n<p class=\"Paragraph_paragraph__F_jNb\">Ce site est le plus ancien du cosmodrome de Ba\u00efkonour. C&rsquo;est depuis ce site qu&rsquo;ont \u00e9t\u00e9 lanc\u00e9s le premier satellite artificiel de la Terre, ainsi que le vaisseau spatial Vostok avec \u00e0 son bord le premier cosmonaute au monde, Youri Gagarine. Actuellement, aucun lancement n&rsquo;est effectu\u00e9 depuis ce complexe de lancement [en raison du fait qu&rsquo;il n&rsquo;est pas adapt\u00e9 au lancement de la version actuelle du lanceur Soyouz &#8211; Soyouz-2]. <\/p>\n<p class=\"Paragraph_paragraph__F_jNb\">La F\u00e9d\u00e9ration de Russie loue le cosmodrome de Ba\u00efkonour et la ville du m\u00eame nom au Kazakhstan. La derni\u00e8re fois que l&rsquo;accord a \u00e9t\u00e9 prolong\u00e9 jusqu&rsquo;en 2050, le co\u00fbt du bail s&rsquo;\u00e9l\u00e8ve \u00e0 115 millions de dollars par an.<\/p>\n<p>Source: <a href=\"https:\/\/tass.ru\/obschestvo\/24555859\" rel=\"nofollow noopener\" target=\"_blank\">TASS<\/a>; Cr\u00e9dits photographiques: TsENKI\/Roscosmos<\/p>\n<p><a href=\"https:\/\/www.europesays.com\/fr\/wp-content\/uploads\/2025\/07\/Ba\u00efkonour_02.jpg\"><img loading=\"lazy\" decoding=\"async\" aria-describedby=\"caption-attachment-1141\" class=\"size-full wp-image-1141\" src=\"https:\/\/www.europesays.com\/fr\/wp-content\/uploads\/2025\/07\/Ba\u00efkonour_02.jpg\" alt=\"\" width=\"1312\" height=\"837\"  \/><\/a><\/p>\n<p id=\"caption-attachment-1141\" class=\"wp-caption-text\">Le pas de tir \u00ab\u00a0Gagarinesky start\u00a0\u00bb.<\/p>\n<p><a href=\"https:\/\/www.europesays.com\/fr\/wp-content\/uploads\/2025\/07\/Baikonour-Pas-de-tir-2023-06-02_01.jpg\"><img loading=\"lazy\" decoding=\"async\" aria-describedby=\"caption-attachment-32810\" class=\"size-full wp-image-32810\" src=\"https:\/\/www.europesays.com\/fr\/wp-content\/uploads\/2025\/07\/Baikonour-Pas-de-tir-2023-06-02_01.jpg\" alt=\"Le site de lancement 1\/6 &quot;Gagarine start&quot; \u00e0 Ba\u00efkonour. D\u00e9sormais ce pas tir n'est plus utilis\u00e9 car incompatible avec la version 2.1x du lanceur Soyouz. Seul les b\u00e2timents, dont le 112, sont utilis\u00e9s pour stocker des lanceurs.\" width=\"2000\" height=\"1239\"  \/><\/a><\/p>\n<p id=\"caption-attachment-32810\" class=\"wp-caption-text\">Le site de lancement 1\/6 \u00ab\u00a0Gagarinesky start\u00a0\u00bb \u00e0 Ba\u00efkonour. D\u00e9sormais ce pas tir n&rsquo;est plus utilis\u00e9 car incompatible avec la version 2.1x du lanceur Soyouz. Seul les b\u00e2timents, dont le 112, sont utilis\u00e9s pour stocker des lanceurs.<\/p>\n","protected":false},"excerpt":{"rendered":"Le pas de tir \u00ab\u00a0Gagarinsky start\u00a0\u00bb. Le Kazakhstan a accept\u00e9 de la Russie le site de lancement [inutilis\u00e9]&hellip;\n","protected":false},"author":2,"featured_media":259894,"comment_status":"","ping_status":"","sticky":false,"template":"","format":"standard","meta":{"footnotes":""},"categories":[1591],"tags":[11,1887,12,1885,1886,132],"class_list":{"0":"post-259893","1":"post","2":"type-post","3":"status-publish","4":"format-standard","5":"has-post-thumbnail","7":"category-russie","8":"tag-actualites","9":"tag-federation-de-russie","10":"tag-news","11":"tag-russia","12":"tag-russian-federation","13":"tag-russie"},"share_on_mastodon":{"url":"https:\/\/pubeurope.com\/@fr\/114882572963668019","error":""},"_links":{"self":[{"href":"https:\/\/www.europesays.com\/fr\/wp-json\/wp\/v2\/posts\/259893","targetHints":{"allow":["GET"]}}],"collection":[{"href":"https:\/\/www.europesays.com\/fr\/wp-json\/wp\/v2\/posts"}],"about":[{"href":"https:\/\/www.europesays.com\/fr\/wp-json\/wp\/v2\/types\/post"}],"author":[{"embeddable":true,"href":"https:\/\/www.europesays.com\/fr\/wp-json\/wp\/v2\/users\/2"}],"replies":[{"embeddable":true,"href":"https:\/\/www.europesays.com\/fr\/wp-json\/wp\/v2\/comments?post=259893"}],"version-history":[{"count":0,"href":"https:\/\/www.europesays.com\/fr\/wp-json\/wp\/v2\/posts\/259893\/revisions"}],"wp:featuredmedia":[{"embeddable":true,"href":"https:\/\/www.europesays.com\/fr\/wp-json\/wp\/v2\/media\/259894"}],"wp:attachment":[{"href":"https:\/\/www.europesays.com\/fr\/wp-json\/wp\/v2\/media?parent=259893"}],"wp:term":[{"taxonomy":"category","embeddable":true,"href":"https:\/\/www.europesays.com\/fr\/wp-json\/wp\/v2\/categories?post=259893"},{"taxonomy":"post_tag","embeddable":true,"href":"https:\/\/www.europesays.com\/fr\/wp-json\/wp\/v2\/tags?post=259893"}],"curies":[{"name":"wp","href":"https:\/\/api.w.org\/{rel}","templated":true}]}}