{"id":25990,"date":"2025-04-15T05:57:12","date_gmt":"2025-04-15T05:57:12","guid":{"rendered":"https:\/\/www.europesays.com\/fr\/25990\/"},"modified":"2025-04-15T05:57:12","modified_gmt":"2025-04-15T05:57:12","slug":"lilian-renaud-10-ans-apres-sa-victoire-a-the-voice-le-fromager-retrouve","status":"publish","type":"post","link":"https:\/\/www.europesays.com\/fr\/25990\/","title":{"rendered":"Lilian Renaud : 10 ans apr\u00e8s sa victoire \u00e0 \u00ab\u00a0The Voice\u00a0\u00bb, le fromager retrouv\u00e9"},"content":{"rendered":"<p>Il y a dix ans, un jeune homme timide venu du Doubs remportait le c\u0153ur du public. Lilian Renaud, au visage doux et \u00e0 la voix habit\u00e9e, <strong>s\u2019imposait en finale<\/strong> de The Voice saison 4. Dans un entretien accord\u00e9 au Figaro, il revient <strong>sur son parcours<\/strong>.<\/p>\n<p>Derri\u00e8re ce succ\u00e8s fulgurant se cachait <strong>un fromager passionn\u00e9 de musique<\/strong>, partag\u00e9 entre ses racines et ses r\u00eaves. Aujourd\u2019hui, l\u2019artiste revient <strong>avec un cinqui\u00e8me album<\/strong>, plus libre et fid\u00e8le \u00e0 lui-m\u00eame que jamais.<\/p>\n<p>Lilian Renaud, de Mamirolle aux projecteurs de TF1<\/p>\n<p>C\u2019est <strong>le 25 avril 2015<\/strong> que tout change pour Lilian Renaud. Guid\u00e9 par Zazie, sa coach bienveillante, il remporte la finale <strong>avec 52 % des votes<\/strong> face \u00e0 Anne Sila. Son naturel, sa sinc\u00e9rit\u00e9 et sa voix ont marqu\u00e9 une saison o\u00f9 brillaient aussi Camille Lellouche ou Battista Acquaviva.<\/p>\n<p>\u00c0 24 ans, l\u2019ancien apprenti fromager <a href=\"https:\/\/www.public.fr\/lilian-renaud-revolte-arnaque-apres-sa-victoire-dans-the-voice-il-previent-marghe\" target=\"_blank\" rel=\"noopener\">voit sa vie basculer<\/a> en quelques semaines. Lui qui pensait rester dans son village se retrouve \u00e0 encha\u00eener interviews, plateaux TV et studios d\u2019enregistrement. \u00ab\u00a0<strong>C\u2019\u00e9tait un moment fou<\/strong>, suspendu dans le temps\u00a0\u00bb, dit-il aujourd\u2019hui, le regard encore \u00e9merveill\u00e9.<\/p>\n<p>Cependant, cette soudaine notori\u00e9t\u00e9 <strong>a aussi eu son revers<\/strong>, apr\u00e8s la victoire le chanteur a v\u00e9cu <strong>un \u00e9puisement physique et mental<\/strong>. Le tourbillon m\u00e9diatique, au d\u00e9part excitant, est vite devenu lourd \u00e0 porter.<\/p>\n<p>Lilian Renaud, entre doutes et libert\u00e9 retrouv\u00e9e<\/p>\n<p>Son premier album, Le bruit de l\u2019aube, rencontre <strong>un joli succ\u00e8s<\/strong>, certifi\u00e9 disque de platine. Pourtant, derri\u00e8re les sourires, l&rsquo;artiste se heurte vite \u00e0 la r\u00e9alit\u00e9 du syst\u00e8me. Pouss\u00e9 \u00e0 aller vite, <strong>il encha\u00eene sans vraiment se poser<\/strong>, <a href=\"https:\/\/www.public.fr\/lilian-renaud-se-confie-sur-son-burn-out-apres-the-voice-j-ai-eu-une-bonne-chute-physique-et-mentale\" target=\"_blank\" rel=\"noopener\">jusqu\u2019\u00e0 l\u2019\u00e9puisement<\/a>. Deux ans apr\u00e8s ses d\u00e9buts, il choisit de <strong>faire une pause<\/strong>.<\/p>\n<p>Une d\u00e9cision courageuse qui lui permet de mieux se comprendre et de <strong>red\u00e9finir ses priorit\u00e9s<\/strong>. \u00ab\u00a0J\u2019ai grandi dans une famille d\u2019artisans, j\u2019avais besoin <strong>de retrouver cette autonomie<\/strong>\u00ab\u00a0, confie-t-il. Depuis, avec son label LR Music, il produit ses albums \u00e0 son rythme, dans <strong>un univers plus personnel<\/strong>, empreint de folk et de sons celtiques.<\/p>\n<p>Loin de Paris, il retrouve un rythme de vie <strong>plus simple<\/strong>, entre nature, silence et guitare. C\u2019est dans ce calme qu\u2019il construit les fondations de ses albums suivants, <strong>en totale ind\u00e9pendance<\/strong>. Il a d\u2019ailleurs lanc\u00e9, le 11 avril dernier, un nouveau single intitul\u00e9 Que deviendra ce monde, avant la parution de <strong>son cinqui\u00e8me album<\/strong> pr\u00e9vue pour septembre.<\/p>\n<p>Zazie, Anne Sila, Florent Pagny : liens, souvenirs et respect<\/p>\n<p>S\u2019il s\u2019est \u00e9loign\u00e9 des projecteurs, l&rsquo;artiste <strong>n\u2019a jamais tourn\u00e9 le dos<\/strong> \u00e0 The Voice. Il regarde toujours les nouvelles saisons \u00ab\u00a0avec une pointe de nostalgie\u00a0\u00bb et se dit touch\u00e9 par les messages de soutien de Zazie, qu\u2019<strong>il recroise parfois<\/strong>. \u00ab\u00a0Elle a toujours \u00e9t\u00e9 l\u00e0 d\u2019une mani\u00e8re ou d\u2019une autre\u00a0\u00bb, souligne-t-il.<\/p>\n<p>Quant \u00e0 Anne Sila, grande finaliste face \u00e0 lui, il la consid\u00e8re toujours comme <strong>\u00ab\u00a0une artiste exceptionnelle\u00a0\u00bb<\/strong>. M\u00eame Florent Pagny, qui avait exprim\u00e9 sa d\u00e9ception qu\u2019Anne n\u2019ait pas gagn\u00e9, <strong>l\u2019a accueilli les bras ouverts<\/strong> lorsqu\u2019il est revenu chanter sur le plateau. \u00ab\u00a0Il avait vers\u00e9 une larme, \u00e7a m\u2019a beaucoup touch\u00e9\u00a0\u00bb, raconte Lilian Renaud.<\/p>\n<p>Dix ans apr\u00e8s, il reste ce qu\u2019il a toujours \u00e9t\u00e9 : <strong>un artiste sinc\u00e8re, fid\u00e8le \u00e0 lui-m\u00eame<\/strong>. Aujourd\u2019hui encore, il garde un profond respect pour ces artistes qui ont marqu\u00e9 son aventure. Et malgr\u00e9 les ann\u00e9es, il reste attach\u00e9 <strong>aux valeurs simples et humaines<\/strong> qui l\u2019ont toujours guid\u00e9.<\/p>\n<p>      Mentionn\u00e9s dans cet article<\/p>\n<p>\u00c0 lire aussi<\/p>\n","protected":false},"excerpt":{"rendered":"Il y a dix ans, un jeune homme timide venu du Doubs remportait le c\u0153ur du public. Lilian&hellip;\n","protected":false},"author":2,"featured_media":25991,"comment_status":"","ping_status":"","sticky":false,"template":"","format":"standard","meta":{"footnotes":""},"categories":[1359],"tags":[9280,58,59,3109,1011,27,2173,9281,973,199,9282,9283],"class_list":{"0":"post-25990","1":"post","2":"type-post","3":"status-publish","4":"format-standard","5":"has-post-thumbnail","7":"category-people","8":"tag-anne-sila","9":"tag-divertissement","10":"tag-entertainment","11":"tag-florent-pagny","12":"tag-fr","13":"tag-france","14":"tag-interview","15":"tag-lilian-renaud","16":"tag-people","17":"tag-tf1","18":"tag-the-voice-saison-4","19":"tag-zazie"},"share_on_mastodon":{"url":"https:\/\/pubeurope.com\/@fr\/114340445741895668","error":""},"_links":{"self":[{"href":"https:\/\/www.europesays.com\/fr\/wp-json\/wp\/v2\/posts\/25990","targetHints":{"allow":["GET"]}}],"collection":[{"href":"https:\/\/www.europesays.com\/fr\/wp-json\/wp\/v2\/posts"}],"about":[{"href":"https:\/\/www.europesays.com\/fr\/wp-json\/wp\/v2\/types\/post"}],"author":[{"embeddable":true,"href":"https:\/\/www.europesays.com\/fr\/wp-json\/wp\/v2\/users\/2"}],"replies":[{"embeddable":true,"href":"https:\/\/www.europesays.com\/fr\/wp-json\/wp\/v2\/comments?post=25990"}],"version-history":[{"count":0,"href":"https:\/\/www.europesays.com\/fr\/wp-json\/wp\/v2\/posts\/25990\/revisions"}],"wp:featuredmedia":[{"embeddable":true,"href":"https:\/\/www.europesays.com\/fr\/wp-json\/wp\/v2\/media\/25991"}],"wp:attachment":[{"href":"https:\/\/www.europesays.com\/fr\/wp-json\/wp\/v2\/media?parent=25990"}],"wp:term":[{"taxonomy":"category","embeddable":true,"href":"https:\/\/www.europesays.com\/fr\/wp-json\/wp\/v2\/categories?post=25990"},{"taxonomy":"post_tag","embeddable":true,"href":"https:\/\/www.europesays.com\/fr\/wp-json\/wp\/v2\/tags?post=25990"}],"curies":[{"name":"wp","href":"https:\/\/api.w.org\/{rel}","templated":true}]}}