{"id":259901,"date":"2025-07-19T23:51:09","date_gmt":"2025-07-19T23:51:09","guid":{"rendered":"https:\/\/www.europesays.com\/fr\/259901\/"},"modified":"2025-07-19T23:51:09","modified_gmt":"2025-07-19T23:51:09","slug":"il-y-a-des-regrets-laurent-bonadei-decu-apres-la-defaite-de-la-france-face-a-lallemagne-en-quarts-de-leuro-lequipe","status":"publish","type":"post","link":"https:\/\/www.europesays.com\/fr\/259901\/","title":{"rendered":"\u00ab Il y a des regrets \u00bb : Laurent Bonadei d\u00e9\u00e7u apr\u00e8s la d\u00e9faite de la France face \u00e0 l&#039;Allemagne en quarts de l&#039;Euro &#8211; L&#039;\u00c9quipe"},"content":{"rendered":"<ol>\n<li><a href=\"https:\/\/news.google.com\/rss\/articles\/CBMi8gFBVV95cUxOS1FvRjlxMllWc3BlcTRjZlFHR2Q2RUxncFA1SHE3VXU4YWtzRDlJb2YyV25QTDZGMHhxMUhvSmhOdDY5aGNVS1VlY1JyOS1zVUM0WTBBT2xRY3pPdllYNlFqa1llWjBDYlpiWnpkZjBxd01zMnFzZ25QSzgyb1N2WFd2clZKbExDVHlIeC1GamhfT0RCQUFuRE9UcHU4eS1ZWXYtcDlSV3MydVMyRTNLUlRJekRzUWlCVGFLbnhGWkZrVnZzVHNLZ0lpNzVNOEJqX0E2QUozbmRlaGt0aFktVmRfQ09fQW8ybE9RVW1pZmQwZw?oc=5\" target=\"_blank\" rel=\"nofollow noopener\">\u00ab Il y a des regrets \u00bb : Laurent Bonadei d\u00e9\u00e7u apr\u00e8s la d\u00e9faite de la France face \u00e0 l&rsquo;Allemagne en quarts de l&rsquo;Euro<\/a>&nbsp;&nbsp;L&rsquo;\u00c9quipe<\/li>\n<li><a href=\"https:\/\/news.google.com\/rss\/articles\/CBMizwFBVV95cUxONjg0YnBQWGlUU1M3WFByWGNHMGE2YngtaHhnWGxjZTJsRUVhS2xWWDBNU0NsQi1NbFRrY2k3TnhWQVRxMGtpY2w4d21sZ2tGN2NvS1dWM19iWG1DOHRUUkRMM0Z4RTdneFV4VHVKQ0d1SGRiaDJSMVlKdldLVERDZ1M5S0NJS1JqNlphN2cyaC1qZWZjalAzSHVCazFWN0l3aEtNcnlEbzRnUExvMHl3bHdIeDhxZ2F0alBuOU5abWM1SG1JdlhiZDROTzRvb1U?oc=5\" target=\"_blank\" rel=\"nofollow noopener\">Les notes de France &#8211; Allemagne : Kadidiatou Diani-Delphine Cascarino, une attaque insipide<\/a>&nbsp;&nbsp;L&rsquo;\u00c9quipe<\/li>\n<li><a href=\"https:\/\/news.google.com\/rss\/articles\/CBMi1AFBVV95cUxNM2Z0dnZfMkVXajhLT1o3SjNsTEQwNE9LMUN6YWRyUEtqdk81czNBTWtoRl9VbkpKbHUwY1lTT0IwU2hZNWlEQXBtbjFhS0IwVU5Yem5kWXR2aUV3aUdMN0liOFV5bzM2TVhtdnc1U0E1dFoyc21qQTAyOFJmSU1JVTJCZWNxcGVES3o1Vkg5WE5aMHVPbnBwNThBUUJPUzRUSVFLQUtvUGRFWGllRWxMa3hqbHJPMXRzNmhaay0tNXZIZXdQNnZLcGRodDVvQTRFNlh3Vg?oc=5\" target=\"_blank\" rel=\"nofollow noopener\">France-Allemagne : les Bleues \u00e9chouent encore en quart de finale de l\u2019Euro<\/a>&nbsp;&nbsp;Le Monde.fr<\/li>\n<li><a href=\"https:\/\/news.google.com\/rss\/articles\/CBMi-AFBVV95cUxNM1FhOXZydFhYUkFpNHUyMVM3M3RIWm03UDRrRkJPRXNtVFNIeWRvNm4zQVcxLW9YamxCS1RZNFBrYl9rb2ZqWURGaTZDYzlTV0ZFS29JNUtWM3gtYUxWcm1uMU5jWGZLbmg3TGo3TXo3NEZiTVNLd1BUUU5wR1lYYXF6Rjh4aUdjeC1LRy0tZkMtTEwwTWQ3dUZFSnAwU210Rk1JRzc1UzMtblZLVjZyWjlpVklCRWFvM3NqeDNiWjVlTVJMRzRuYmQ4M00xTWJoSy1DZjNTS3Z1OVZaQkJhTndXbllRRDVEWHpZTjRYQnVCUzNhS21JQQ?oc=5\" target=\"_blank\" rel=\"nofollow noopener\">Un drame en 8 actes<\/a>&nbsp;&nbsp;Eurosport<\/li>\n<li><a href=\"https:\/\/news.google.com\/rss\/articles\/CBMi3wFBVV95cUxPbVplM2xPV3lvUVUyLS16d0Z3eEZCem5qdlp2YlBqTXFlTWhBV1RwbHc5X2gxbkF6TkhaODl6SllBaTJiT3F5bzlvaDNsMTFjMmQ2Zjl3Nkx0MzQ2YWhCOVFlRHVWTnc4endCZWc0aWdENkxQRmdSRGRFcDBzYnkyTXRqTUZWaHJrWkRKdGdtTV9WM0pJOUZwaTUyVkItRzF6S3dVTHVtZzdMTW1mMkdKNkctRFptM2hGRzB2MmszZ1lyTXlOLUxtWGRfbW5McW5tY2ZKcmZ0d2xaX1ZjYjlV?oc=5\" target=\"_blank\" rel=\"nofollow noopener\">France-Allemagne : une Mannschaft de fer, Berger d\u2019enfer, Hendrich et Majri grotesques&#8230; Les tops\/flops<\/a>&nbsp;&nbsp;Le Figaro<\/li>\n<\/ol>\n","protected":false},"excerpt":{"rendered":"\u00ab Il y a des regrets \u00bb : Laurent Bonadei d\u00e9\u00e7u apr\u00e8s la d\u00e9faite de la France face&hellip;\n","protected":false},"author":2,"featured_media":259902,"comment_status":"","ping_status":"","sticky":false,"template":"","format":"standard","meta":{"footnotes":""},"categories":[1587],"tags":[11,672,1804,1805,1803,1777,674,1801,12,1802],"class_list":{"0":"post-259901","1":"post","2":"type-post","3":"status-publish","4":"format-standard","5":"has-post-thumbnail","7":"category-allemagne","8":"tag-actualites","9":"tag-allemagne","10":"tag-bundesrepublik-deutschland","11":"tag-de","12":"tag-deutschland","13":"tag-eu","14":"tag-europe","15":"tag-germany","16":"tag-news","17":"tag-republique-federale-dallemagne"},"share_on_mastodon":{"url":"https:\/\/pubeurope.com\/@fr\/114882588401744675","error":""},"_links":{"self":[{"href":"https:\/\/www.europesays.com\/fr\/wp-json\/wp\/v2\/posts\/259901","targetHints":{"allow":["GET"]}}],"collection":[{"href":"https:\/\/www.europesays.com\/fr\/wp-json\/wp\/v2\/posts"}],"about":[{"href":"https:\/\/www.europesays.com\/fr\/wp-json\/wp\/v2\/types\/post"}],"author":[{"embeddable":true,"href":"https:\/\/www.europesays.com\/fr\/wp-json\/wp\/v2\/users\/2"}],"replies":[{"embeddable":true,"href":"https:\/\/www.europesays.com\/fr\/wp-json\/wp\/v2\/comments?post=259901"}],"version-history":[{"count":0,"href":"https:\/\/www.europesays.com\/fr\/wp-json\/wp\/v2\/posts\/259901\/revisions"}],"wp:featuredmedia":[{"embeddable":true,"href":"https:\/\/www.europesays.com\/fr\/wp-json\/wp\/v2\/media\/259902"}],"wp:attachment":[{"href":"https:\/\/www.europesays.com\/fr\/wp-json\/wp\/v2\/media?parent=259901"}],"wp:term":[{"taxonomy":"category","embeddable":true,"href":"https:\/\/www.europesays.com\/fr\/wp-json\/wp\/v2\/categories?post=259901"},{"taxonomy":"post_tag","embeddable":true,"href":"https:\/\/www.europesays.com\/fr\/wp-json\/wp\/v2\/tags?post=259901"}],"curies":[{"name":"wp","href":"https:\/\/api.w.org\/{rel}","templated":true}]}}