{"id":259911,"date":"2025-07-19T23:56:15","date_gmt":"2025-07-19T23:56:15","guid":{"rendered":"https:\/\/www.europesays.com\/fr\/259911\/"},"modified":"2025-07-19T23:56:15","modified_gmt":"2025-07-19T23:56:15","slug":"une-mannschaft-de-fer-berger-denfer-hendrich-et-majri-grotesques-les-tops-flops","status":"publish","type":"post","link":"https:\/\/www.europesays.com\/fr\/259911\/","title":{"rendered":"une Mannschaft de fer, Berger d\u2019enfer, Hendrich et Majri grotesques&#8230; Les tops\/flops"},"content":{"rendered":"<p>Au terme de la (nouvelle) douloureuse \u00e9limination des Bleues en quart de finale de l\u2019Euro samedi soir, face \u00e0 l\u2019Allemagne en Suisse, \u00e0 l\u2019issue d\u2019une ind\u00e9cise et interminable s\u00e9ance de tirs au but (1-1, 5-6 t.a.b.), d\u00e9couvrez ce qui a plu&#8230; et d\u00e9plu \u00e0 la r\u00e9daction du Figaro.<\/p>\n<p class=\"fig-paragraph\"><strong>TOPS\u00a0<\/strong><\/p>\n<p>Des Allemandes habit\u00e9es et survolt\u00e9es<\/p>\n<p class=\"fig-paragraph\">Un \u00e9tat d\u2019esprit d\u2019acier. R\u00e9duites \u00e0 dix tr\u00e8s rapidement (13e) lors du\u00a0<a href=\"http:\/\/www.lefigaro.fr\/sports\/football\/euro\/euro-feminin-terrible-desillusion-pour-les-bleues-eliminees-aux-tirs-au-but-par-l-allemagne-20250720\" data-fig-type=\"NewsFlash\" data-gtm-custom-categorie=\"navigation\" data-gtm-custom-action=\"crossclick\" data-gtm-custom-label=\"Contextuel\" data-gtm-event=\"customEventSPE\" data-fig-domain=\"LEFIGARO\" target=\"_blank\" rel=\"noopener\">quart de finale remport\u00e9 face \u00e0 la France<\/a>, apr\u00e8s une longue s\u00e9ance de tirs au but (<a href=\"https:\/\/www.lefigaro.fr\/sports\/football\/live\/euro-feminin\/2024\/2494103\/france-allemagne\" data-fig-type=\"Live\" data-gtm-custom-categorie=\"navigation\" data-gtm-custom-action=\"crossclick\" data-gtm-custom-label=\"Contextuel\" data-gtm-event=\"customEventSPE\" data-fig-domain=\"LEFIGARO\" target=\"_blank\" rel=\"noopener\">1-1, 6-5 t.a.b.<\/a>), les joueuses de la\u00a0<a href=\"http:\/\/www.lefigaro.fr\/sports\/football\/euro\/record-de-titres-surnom-une-policiere-en-defense-7-choses-a-savoir-sur-l-allemagne-adversaire-des-bleues-a-l-euro-20250719\" data-fig-type=\"NewsFlash\" data-gtm-custom-categorie=\"navigation\" data-gtm-custom-action=\"crossclick\" data-gtm-custom-label=\"Contextuel\" data-gtm-event=\"customEventSPE\" data-fig-domain=\"LEFIGARO\" target=\"_blank\" rel=\"noopener\">Mannschaft<\/a>\u00a0ont repouss\u00e9 leurs limites \u00e0 l\u2019impossible. Solidarit\u00e9, abn\u00e9gation, r\u00e9silience&#8230; Tout y \u00e9tait. Les Allemandes ont d\u00e9montr\u00e9 une capacit\u00e9 de r\u00e9sistance exceptionnelle, notamment bas\u00e9e sur la rude et solide d\u00e9fense du soir, ponctu\u00e9e par un milieu de terrain d\u00e9tonnant. L\u2019impact et l\u2019intensit\u00e9 physique de la \u00abFrauen\u00bb ont eu raison de la possession st\u00e9rile et de l\u2019impuissance offensive fran\u00e7aises.<\/p>\n<p class=\"fig-body-link\">\n            \u00c0 lire aussi<br \/>\n        <a class=\"fig-body-link__link\" href=\"http:\/\/www.lefigaro.fr\/sports\/football\/euro\/euro-feminin-terrible-desillusion-pour-les-bleues-eliminees-aux-tirs-au-but-par-l-allemagne-20250720\" data-fig-type=\"NewsFlash\" data-gtm-custom-categorie=\"navigation\" data-gtm-custom-action=\"crossclick\" data-gtm-custom-label=\"Contextuel\" data-gtm-event=\"customEventSPE\" data-fig-domain=\"LEFIGARO\" target=\"_blank\" rel=\"noopener\">Euro f\u00e9minin\u00a0: terrible d\u00e9sillusion pour les Bleues, \u00e9limin\u00e9es aux tirs au but par l\u2019Allemagne<br \/>\n    <\/a>\n<\/p>\n<p>                                    <a class=\"fig-a11y-skip a11y-hidden\" href=\"#fig-a11y-skip-main-inarticle\"><br \/>\n        Passer la publicit\u00e9<br \/>\n    <\/a><\/p>\n<p>Geyoro, Mbock, De Almeida et Peyraud-Magnin impactantes<\/p>\n<p class=\"fig-paragraph\">La premi\u00e8re, toujours aussi f\u00e9roce dans les contacts, a transform\u00e9 le penalty en faveur des Bleues en premi\u00e8re p\u00e9riode (15e), d\u2019une frappe puissante. La joueuse du PSG a \u00e9galement fait parler sa force physique dans l\u2019entrejeu, o\u00f9 elle se montre souvent (tr\u00e8s) dominante. Pour son retour dans le onze de d\u00e9part, la capitaine tricolore\u00a0<a href=\"http:\/\/www.lefigaro.fr\/sports\/football\/euro\/france-allemagne-mbock-et-lakrar-de-retour-en-defense-centrale-pour-le-quart-de-finale-de-l-euro-feminin-20250719\" data-fig-type=\"NewsFlash\" data-gtm-custom-categorie=\"navigation\" data-gtm-custom-action=\"crossclick\" data-gtm-custom-label=\"Contextuel\" data-gtm-event=\"customEventSPE\" data-fig-domain=\"LEFIGARO\" target=\"_blank\" rel=\"noopener\">Griedge Mbock<\/a>\u00a0a remis les pendules \u00e0 l\u2019heure. Un volume de jeu impressionnant. M\u00eame son de cloche du c\u00f4t\u00e9 de De Almeida, qui a illustr\u00e9 sa capacit\u00e9 d\u2019anticipation et de relance \u00e0 la perfection. Et que dire de la gardienne des Bleues Pauline Peyraud-Magnin, magistrale&#8230;. jusqu\u2019\u00e0 la s\u00e9ance de tirs au but.<\/p>\n<p>Ann-Katrin Berger d\u2019enfer<\/p>\n<p class=\"fig-paragraph\">Quel match de la gardienne allemande. Un nombre d\u2019arr\u00eats incalculables, dont une sublime parade en fin de partie \u2014 pour \u00e9viter un contre son camp de Janina Minge \u2014 et des sorties impeccables. A en plus inscrit son tir au but face \u00e0 Peyraud-Magnin, avec beaucoup d\u2019aisance, apr\u00e8s avoir arr\u00eat\u00e9 ceux d\u2019Amel Majri et d\u2019Alice Sombath. La joueuse du soir.<\/p>\n<p class=\"fig-body-link\">\n            \u00c0 lire aussi<br \/>\n        <a class=\"fig-body-link__link fig-premium-mark\" href=\"http:\/\/www.lefigaro.fr\/sports\/football\/euro\/je-ne-suis-pas-tres-bavarde-rencontre-avec-marie-antoinette-katoto-la-buteuse-antistar-des-bleues-20250719\" data-fig-type=\"NewsFlash\" data-gtm-custom-categorie=\"navigation\" data-gtm-custom-action=\"crossclick\" data-gtm-custom-label=\"Contextuel\" data-gtm-event=\"customEventSPE\" data-fig-domain=\"LEFIGARO\" target=\"_blank\" rel=\"noopener\">\u00abJe ne suis pas tr\u00e8s bavarde\u00bb: rencontre avec Marie-Antoinette Katoto, la buteuse antistar des Bleues<br \/>\n    <\/a>\n<\/p>\n<p class=\"fig-paragraph\"><strong>FLOPS\u00a0<\/strong><\/p>\n<p>Des Bleues (toujours) maudites<\/p>\n<p class=\"fig-paragraph\">2025\u00a0? M\u00eame sc\u00e9nario. Rien n\u2019a chang\u00e9. Toujours pas invit\u00e9es. Dans une forme \u00e9tincelante et invaincues depuis de longs mois, les joueuses de\u00a0<a href=\"http:\/\/www.lefigaro.fr\/sports\/football\/euro\/que-le-public-francais-soit-fier-de-cette-equipe-les-confidences-de-laurent-bonadei-selectionneur-des-bleues-avant-l-euro-feminin-20250703\" data-fig-type=\"NewsFlash\" data-gtm-custom-categorie=\"navigation\" data-gtm-custom-action=\"crossclick\" data-gtm-custom-label=\"Contextuel\" data-gtm-event=\"customEventSPE\" data-fig-domain=\"LEFIGARO\" target=\"_blank\" rel=\"noopener\">Laurent Bonadei<\/a>\u00a0sont (re)tomb\u00e9es dans leurs travers, au pire moment. Une \u00e9ni\u00e8me fois, dans un match couperet d\u2019une comp\u00e9tition internationale, les Bleues se sont \u00e9croul\u00e9es, ont c\u00e9d\u00e9, ont craqu\u00e9. Alors qu\u2019elles avaient la rencontre en main. Encore plus apr\u00e8s le carton rouge attribu\u00e9 \u00e0 Kathrin Hendrich (13e) et le penalty transform\u00e9, dans la foul\u00e9e, par Grace Geyoro (15e). Les Fran\u00e7aises ont eu plus de 100 minutes pour faire la diff\u00e9rence apr\u00e8s avoir conc\u00e9d\u00e9 l\u2019\u00e9galisation \u2014 largement \u00e9vitable \u2014 \u00e0 l\u2019issue d\u2019un corner pi\u00e9geux (25e).<\/p>\n<p class=\"fig-paragraph\">Malgr\u00e9 plus de 70 % de possession, l\u2019\u00e9quipe de France s\u2019est montr\u00e9e impuissante et \u00e9teinte offensivement, alors qu\u2019elle\u00a0<a href=\"http:\/\/www.lefigaro.fr\/sports\/football\/euro\/euro-feminin-pluie-de-buts-menaces-variees-comment-les-bleues-sont-devenues-une-machine-offensive-20250718\" data-fig-type=\"NewsFlash\" data-gtm-custom-categorie=\"navigation\" data-gtm-custom-action=\"crossclick\" data-gtm-custom-label=\"Contextuel\" data-gtm-event=\"customEventSPE\" data-fig-domain=\"LEFIGARO\" target=\"_blank\" rel=\"noopener\">dominait les d\u00e9bats dans ce secteur<\/a>\u00a0depuis le d\u00e9but de la comp\u00e9tition. Encore une fois, une rechute au mauvais moment&#8230; \u00c7a fait beaucoup pour ces Bleues qui, en d\u00e9pit de certains progr\u00e8s ces derni\u00e8res semaines, paraissent toujours aussi f\u00e9briles lorsqu\u2019il faut briser le\u00a0<a href=\"http:\/\/www.lefigaro.fr\/sports\/football\/equipe-de-france\/pas-du-tout-de-complexe-d-inferiorite-les-bleues-regardent-l-allemagne-dans-les-yeux-avant-le-quart-de-finale-de-l-euro-20250716\" data-fig-type=\"NewsFlash\" data-gtm-custom-categorie=\"navigation\" data-gtm-custom-action=\"crossclick\" data-gtm-custom-label=\"Contextuel\" data-gtm-event=\"customEventSPE\" data-fig-domain=\"LEFIGARO\" target=\"_blank\" rel=\"noopener\">plafond de verre<\/a>. L\u2019histoire se r\u00e9p\u00e8te, encore. La France ne sera pas au rendez-vous des demi-finales d\u2019un championnat d\u2019Europe, et prend la porte, tristement, en quart de finale.<\/p>\n<p>                                    <a class=\"fig-a11y-skip a11y-hidden\" href=\"#fig-a11y-skip-main-inarticle_mtf\"><br \/>\n        Passer la publicit\u00e9<br \/>\n    <\/a><\/p>\n<p>Kathrin Hendrich et Amel Majri grotesques<\/p>\n<p class=\"fig-paragraph\">Deux actions sid\u00e9rantes, pour ne pas dire honteuses ou ridicules. La d\u00e9fenseure centrale allemande n\u2019aura pass\u00e9 que&#8230; 13 minutes sur le terrain. Faute \u00e0 un geste compl\u00e8tement inappropri\u00e9, stupide, voire lunaire de sa part, en tirant les cheveux de la capitaine fran\u00e7aise Griedge Mbock, sur un coup franc. Tirer les cheveux. Rien que \u00e7a. Et par la natte&#8230;<\/p>\n<p class=\"fig-body-link\">\n            \u00c0 lire aussi<br \/>\n        <a class=\"fig-body-link__link\" href=\"http:\/\/www.lefigaro.fr\/sports\/football\/euro\/france-allemagne-en-images-le-carton-rouge-lunaire-recu-par-une-joueuse-allemande-coupable-d-avoir-tire-les-cheveux-de-mbock-20250719\" data-fig-type=\"NewsFlash\" data-gtm-custom-categorie=\"navigation\" data-gtm-custom-action=\"crossclick\" data-gtm-custom-label=\"Contextuel\" data-gtm-event=\"customEventSPE\" data-fig-domain=\"LEFIGARO\" target=\"_blank\" rel=\"noopener\">France-Allemagne\u00a0: en images, le carton rouge lunaire re\u00e7u par une joueuse allemande, coupable d\u2019avoir tir\u00e9 les cheveux de Mbock<br \/>\n    <\/a>\n<\/p>\n<p class=\"fig-paragraph\">De son c\u00f4t\u00e9, la\u00a0<a href=\"http:\/\/www.lefigaro.fr\/sports\/football\/euro\/euro-feminin-amel-majri-la-maman-qui-prolonge-le-plaisir-chez-les-bleues-20250709\" data-fig-type=\"NewsFlash\" data-gtm-custom-categorie=\"navigation\" data-gtm-custom-action=\"crossclick\" data-gtm-custom-label=\"Contextuel\" data-gtm-event=\"customEventSPE\" data-fig-domain=\"LEFIGARO\" target=\"_blank\" rel=\"noopener\">milieu de terrain de l\u2019\u00e9quipe de France<\/a>, entr\u00e9e en jeu lors de la prolongation (112e), a compl\u00e8tement rat\u00e9 son penalty lors de la s\u00e9ance de tirs au but. Une attitude, une course d\u2019\u00e9lan et une frappe \u00e9pouvantables, mettant, d\u2019entr\u00e9e, une balle dans le pied des Bleues. Une sortie de banc dont on se souviendra s\u00fbrement (pas). Deux nouvelles actions g\u00eanantes et horripilantes qui ne vont pas aviver la cr\u00e9dibilit\u00e9 du foot f\u00e9minin&#8230;<\/p>\n","protected":false},"excerpt":{"rendered":"Au terme de la (nouvelle) douloureuse \u00e9limination des Bleues en quart de finale de l\u2019Euro samedi soir, face&hellip;\n","protected":false},"author":2,"featured_media":259912,"comment_status":"","ping_status":"","sticky":false,"template":"","format":"standard","meta":{"footnotes":""},"categories":[4],"tags":[11,672,38852,3236,1011,27,12,25],"class_list":{"0":"post-259911","1":"post","2":"type-post","3":"status-publish","4":"format-standard","5":"has-post-thumbnail","7":"category-france","8":"tag-actualites","9":"tag-allemagne","10":"tag-euro-de-football-feminin","11":"tag-football-feminin","12":"tag-fr","13":"tag-france","14":"tag-news","15":"tag-republique-francaise"},"share_on_mastodon":{"url":"https:\/\/pubeurope.com\/@fr\/114882608637651293","error":""},"_links":{"self":[{"href":"https:\/\/www.europesays.com\/fr\/wp-json\/wp\/v2\/posts\/259911","targetHints":{"allow":["GET"]}}],"collection":[{"href":"https:\/\/www.europesays.com\/fr\/wp-json\/wp\/v2\/posts"}],"about":[{"href":"https:\/\/www.europesays.com\/fr\/wp-json\/wp\/v2\/types\/post"}],"author":[{"embeddable":true,"href":"https:\/\/www.europesays.com\/fr\/wp-json\/wp\/v2\/users\/2"}],"replies":[{"embeddable":true,"href":"https:\/\/www.europesays.com\/fr\/wp-json\/wp\/v2\/comments?post=259911"}],"version-history":[{"count":0,"href":"https:\/\/www.europesays.com\/fr\/wp-json\/wp\/v2\/posts\/259911\/revisions"}],"wp:featuredmedia":[{"embeddable":true,"href":"https:\/\/www.europesays.com\/fr\/wp-json\/wp\/v2\/media\/259912"}],"wp:attachment":[{"href":"https:\/\/www.europesays.com\/fr\/wp-json\/wp\/v2\/media?parent=259911"}],"wp:term":[{"taxonomy":"category","embeddable":true,"href":"https:\/\/www.europesays.com\/fr\/wp-json\/wp\/v2\/categories?post=259911"},{"taxonomy":"post_tag","embeddable":true,"href":"https:\/\/www.europesays.com\/fr\/wp-json\/wp\/v2\/tags?post=259911"}],"curies":[{"name":"wp","href":"https:\/\/api.w.org\/{rel}","templated":true}]}}