{"id":259917,"date":"2025-07-20T00:00:19","date_gmt":"2025-07-20T00:00:19","guid":{"rendered":"https:\/\/www.europesays.com\/fr\/259917\/"},"modified":"2025-07-20T00:00:19","modified_gmt":"2025-07-20T00:00:19","slug":"lois-boisson-accede-a-sa-premiere-finale-sur-le-circuit-principal-au-tournoi-de-hambourg-un-peu-plus-dun-mois-apres-roland-garros","status":"publish","type":"post","link":"https:\/\/www.europesays.com\/fr\/259917\/","title":{"rendered":"Lo\u00efs Boisson acc\u00e8de \u00e0 sa premi\u00e8re finale sur le circuit principal au tournoi de Hambourg, un peu plus d&rsquo;un mois apr\u00e8s Roland-Garros"},"content":{"rendered":"<p class=\"c-chapo \">\n  En deux sets, la num\u00e9ro 1 fran\u00e7aise a \u00e9cart\u00e9 l&rsquo;Ukrainienne Dayana Yastremska en deux sets, samedi, pour rallier sa premi\u00e8re finale en carri\u00e8re en WTA 250.\n<\/p>\n<p>            lire plus tard<\/p>\n<p id=\"dialog__title\" class=\"dialog__title\">Pour sauvegarder cet article, connectez-vous ou cr\u00e9ez un compte franceinfo<\/p>\n<p class=\"dialog__description\">Sans paiement. Sans abonnement.<\/p>\n<p>        Fermer la fen\u00eatre d\u2019activation des notifications France Info<\/p>\n<p>            cr\u00e9er votre compte<\/p>\n<p>            se connecter<\/p>\n<p>        Fermer la fen\u00eatre de pr\u00e9sentation<\/p>\n<p>    <img loading=\"lazy\" decoding=\"async\" class=\"signature__image lazyload\" width=\"100\" height=\"100\" data- alt=\"\" src=\"https:\/\/www.europesays.com\/fr\/wp-content\/uploads\/2025\/05\/64bcfa33e5011_gabriel-rond.png\"\/><\/p>\n<p>          France T\u00e9l\u00e9visions &#8211; R\u00e9daction Sport<\/p>\n<p>    Publi\u00e9 le 19\/07\/2025 18:40<\/p>\n<p>        Temps de lecture : 1min<\/p>\n<p>    <img decoding=\"async\"  alt=\"Lo\u00efs Boisson lors du tournoi 250 de Hambourg, le 15 juillet 2025. (MAXPPP)\" width=\"432\" height=\"243\" src=\"https:\/\/www.europesays.com\/fr\/wp-content\/uploads\/2025\/07\/maxsportsfrthree195478-687bc82e8c8ab104053900.jpg\" fetchpriority=\"high\"\/><\/p>\n<p>      Lo\u00efs Boisson lors du tournoi 250 de Hambourg, le 15 juillet 2025. (MAXPPP)<\/p>\n<p>Lo\u00efs Boisson se fait petit \u00e0 petit un nom. Inconnue du grand public avant <a href=\"https:\/\/www.franceinfo.fr\/roland-garros\/roland-garros-2025-lois-boisson-fait-imploser-mirra-andreeva-et-se-hisse-en-demi-finale_7293114.html\" rel=\"nofollow noopener\" target=\"_blank\">sa demi-finale surprise \u00e0 Roland-Garros<\/a> d\u00e9but juin, la num\u00e9ro 1 fran\u00e7aise et 63e mondiale a atteint sa toute premi\u00e8re finale sur le circuit principal, samedi 19 juillet, en dominant l&rsquo;Ukrainienne Dayana Yastremska au tournoi WTA 250 de Hambourg (6-1, 7-6).<\/p>\n<p>Apr\u00e8s une premi\u00e8re manche facile dans cette demi-finale, elle a serr\u00e9 le jeu pour s&rsquo;imposer en deux sets gr\u00e2ce \u00e0 un tie-break remport\u00e9 face \u00e0 la 39e mondiale. Elle affrontera la Hongroise Anna Bond\u00e1r (77e) pour d\u00e9crocher son premier titre, dimanche.<\/p>\n<p>Plus \u00e0 son aise que sur l&rsquo;herbe de <a href=\"https:\/\/www.franceinfo.fr\/sports\/tennis\/lois-boisson\/wimbledon-2025-lois-boisson-eliminee-des-le-premier-tour-des-qualifications-par-la-canadienne-carson-branstine_7334550.html\" rel=\"nofollow noopener\" target=\"_blank\">Wimbledon<\/a> o\u00f9 elle n&rsquo;a pas pass\u00e9 le moindre tour en qualifications le mois dernier, la joueuse de 22 ans a retrouv\u00e9 la terre battue qu&rsquo;elle affectionne tant. Sortie au deuxi\u00e8me tour du WTA 125 de Bastad en Su\u00e8de, elle a fait le plein de confiance cette semaine. De bon augure \u00e0 un mois du d\u00e9but de l&rsquo;US Open sur dur, le premier Grand Chelem de sa carri\u00e8re o\u00f9 elle est qualifi\u00e9e directement gr\u00e2ce \u00e0 son classement.<\/p>\n<p class=\"related-tags__title\" role=\"heading\" aria-level=\"2\">les mots-cl\u00e9s associ\u00e9s \u00e0 cet article\n    <\/p>\n","protected":false},"excerpt":{"rendered":"En deux sets, la num\u00e9ro 1 fran\u00e7aise a \u00e9cart\u00e9 l&rsquo;Ukrainienne Dayana Yastremska en deux sets, samedi, pour rallier&hellip;\n","protected":false},"author":2,"featured_media":259918,"comment_status":"","ping_status":"","sticky":false,"template":"","format":"standard","meta":{"footnotes":""},"categories":[1415],"tags":[1011,27,60,1467],"class_list":{"0":"post-259917","1":"post","2":"type-post","3":"status-publish","4":"format-standard","5":"has-post-thumbnail","7":"category-tennis","8":"tag-fr","9":"tag-france","10":"tag-sports","11":"tag-tennis"},"share_on_mastodon":{"url":"https:\/\/pubeurope.com\/@fr\/114882623899427512","error":""},"_links":{"self":[{"href":"https:\/\/www.europesays.com\/fr\/wp-json\/wp\/v2\/posts\/259917","targetHints":{"allow":["GET"]}}],"collection":[{"href":"https:\/\/www.europesays.com\/fr\/wp-json\/wp\/v2\/posts"}],"about":[{"href":"https:\/\/www.europesays.com\/fr\/wp-json\/wp\/v2\/types\/post"}],"author":[{"embeddable":true,"href":"https:\/\/www.europesays.com\/fr\/wp-json\/wp\/v2\/users\/2"}],"replies":[{"embeddable":true,"href":"https:\/\/www.europesays.com\/fr\/wp-json\/wp\/v2\/comments?post=259917"}],"version-history":[{"count":0,"href":"https:\/\/www.europesays.com\/fr\/wp-json\/wp\/v2\/posts\/259917\/revisions"}],"wp:featuredmedia":[{"embeddable":true,"href":"https:\/\/www.europesays.com\/fr\/wp-json\/wp\/v2\/media\/259918"}],"wp:attachment":[{"href":"https:\/\/www.europesays.com\/fr\/wp-json\/wp\/v2\/media?parent=259917"}],"wp:term":[{"taxonomy":"category","embeddable":true,"href":"https:\/\/www.europesays.com\/fr\/wp-json\/wp\/v2\/categories?post=259917"},{"taxonomy":"post_tag","embeddable":true,"href":"https:\/\/www.europesays.com\/fr\/wp-json\/wp\/v2\/tags?post=259917"}],"curies":[{"name":"wp","href":"https:\/\/api.w.org\/{rel}","templated":true}]}}